{"id":711,"date":"2023-02-23T02:31:01","date_gmt":"2023-02-23T02:31:01","guid":{"rendered":"https:\/\/lifestylerek.pl\/?p=711"},"modified":"2023-02-23T02:31:01","modified_gmt":"2023-02-23T02:31:01","slug":"dzielnice-warszawy-wycieczka-do-stolicy-co-nalezy-zwiedzic","status":"publish","type":"post","link":"https:\/\/lifestylerek.com\/cs\/okresy-warszawy-wycieczka-do-stolicy-co-nalezy-zwiedzic\/","title":{"rendered":"Var\u0161avsk\u00e9 \u010dtvrti - v\u00fdlet do hlavn\u00edho m\u011bsta, co nav\u0161t\u00edvit?"},"content":{"rendered":"<p>Var\u0161ava je hlavn\u00edm m\u011bstem Polska od roku 1592, kdy sem kr\u00e1l Zikmund III.Vasa po po\u017e\u00e1ru hradu Wawel p\u0159esunul s\u00eddlo kr\u00e1lovsk\u00e9 moci, instituce. Zaj\u00edmavost\u00ed, o kter\u00e9 v\u00ed jen m\u00e1lokdo, je skute\u010dnost, \u017ee Var\u0161ava se ofici\u00e1ln\u011b stala hlavn\u00edm m\u011bstem a\u017e v roce 1952, kdy byl prezidentem Boleslav Bierut. Komunistick\u00e9ho prezidenta lze hodnotit r\u016fzn\u011b, ale pro Var\u0161avu a jej\u00ed rekonstrukci ud\u011blal mnoho, p\u0159esto\u017ee jako marxista nesouhlasil s rekonstrukc\u00ed Kr\u00e1lovsk\u00e9ho z\u00e1mku. M\u00e1lokdo v\u00ed, \u017ee dcera \"soudruha Tom\u00e1\u0161e\". Krystyna Bierut- Maminajszwili se aktivn\u011b \u00fa\u010dastnila Var\u0161avsk\u00e9ho povst\u00e1n\u00ed.<\/p>\n<h2><strong>Kolik m\u00e1 Var\u0161ava okres\u016f?\u00a0<\/strong><\/h2>\n<p>Var\u0161ava je obec se statutem m\u011bsta s pr\u00e1vy okresu, hlavn\u00ed m\u011bsto se skl\u00e1d\u00e1 z 18 m\u011bstsk\u00fdch \u010d\u00e1st\u00ed. Ka\u017ed\u00e1 ze \u010dtvrt\u00ed hlavn\u00edho m\u011bsta si zachovala sv\u016fj vlastn\u00ed charakter,\u00a0<strong>var\u0161avsk\u00e9 \u010dtvrti<\/strong>\u00a0jsou to: Bemowo, Bia\u0142o\u0142\u0119ka, Bielany, Mokot\u00f3w, Ochota, Praga Po\u0142udnie, Praga P\u00f3\u0142noc, Rembert\u00f3w, \u015ar\u00f3dmie\u015bcie, Targ\u00f3wek, Ursus, Ursyn\u00f3w, Wawer, Weso\u0142a, Wilan\u00f3w, W\u0142ochy, Wola, \u017boliborz. Na Prahu-sever existuje mnoho negativn\u00edch n\u00e1zor\u016f, ale je to \u010dtvr\u0165 s histori\u00ed, kter\u00e1 stoj\u00ed za prozkoum\u00e1n\u00ed. V obdob\u00ed t\u011bsn\u011b po druh\u00e9 sv\u011btov\u00e9 v\u00e1lce existovala v oblasti Prahy-sever s\u00ed\u0165 v\u011bznic Ministerstva ve\u0159ejn\u00e9 bezpe\u010dnosti, kter\u00e9 byly z\u0159\u00edzeny na z\u00e1klad\u011b tzv. \u010dervencov\u00e9ho manifestu Polsk\u00e9ho v\u00fdboru n\u00e1rodn\u00edho osvobozen\u00ed. P\u0159i pobytu v severn\u00ed Praze stoj\u00ed za n\u00e1v\u0161t\u011bvu Muzeum voj\u00e1k\u016f, b\u00fdval\u00fdch otrok\u016f a politick\u00fdch v\u011bz\u0148\u016f Polsk\u00e9 lidov\u00e9 republiky, kter\u00e9 se nach\u00e1z\u00ed v ulici Strzelecka 8. Centrum m\u011bsta je tak\u00e9 Var\u0161avany pova\u017eov\u00e1no za nebezpe\u010dn\u00e9 m\u00edsto a rozhodn\u011b byste m\u011bli b\u00fdt opatrn\u00ed, proto\u017ee na n\u011bkter\u00fdch m\u00edstech, jako je \"patelnia\", n\u00e1m\u011bst\u00ed nach\u00e1zej\u00edc\u00ed se vedle vchodu do centra metra, je v\u017edy chaos a nepo\u0159\u00e1dek. Nejmen\u0161\u00edm okresem je Ursus, kter\u00fd m\u00e1 rozlohu n\u011bco m\u00e1lo p\u0159es 9 km2, zat\u00edmco Weso\u0142a z\u00edskala m\u011bstsk\u00e1 pr\u00e1va nejpozd\u011bji v roce 2002. Historici p\u0159ipom\u00ednaj\u00ed, \u017ee historie Var\u0161avy sah\u00e1 a\u017e do p\u0159elomu 12. a 13. stolet\u00ed, kdy vzniklo panstv\u00ed mazovsk\u00fdch kn\u00ed\u017eat Jazd\u00f3w, kter\u00e9mu se dnes \u0159\u00edk\u00e1 Ujazd\u00f3w. Nejv\u011bt\u0161\u00ed var\u0161avskou \u010dtvrt\u00ed je Wawer o rozloze 79,7 km2. V hlavn\u00edm m\u011bst\u011b Polska \u017eije nejv\u00edce lid\u00ed, kte\u0159\u00ed pat\u0159\u00ed do skupiny sta nejbohat\u0161\u00edch Pol\u00e1k\u016f. Var\u0161ava je st\u00e1le m\u00edstem, kde jsou vyhl\u00eddky na mezin\u00e1rodn\u00ed kari\u00e9ru mnohem vy\u0161\u0161\u00ed ne\u017e v jin\u00fdch polsk\u00fdch m\u011bstech, a to d\u00edky tomu, \u017ee zde s\u00eddl\u00ed nejv\u011bt\u0161\u00ed po\u010det korporac\u00ed a velk\u00fdch podnik\u016f.<\/p>\n<h2>Vyplat\u00ed se \u017e\u00edt ve Var\u0161av\u011b a kde?<\/h2>\n<p>Var\u0161ava je m\u011bstem rozvoje a \u010detn\u00fdch p\u0159\u00edle\u017eitost\u00ed, kde jsou st\u00e1le k dispozici ty nejlep\u0161\u00ed \u0161ance pro profesn\u00ed kari\u00e9ru. Nen\u00ed divu, \u017ee hlavn\u00ed m\u011bsto p\u0159itahuje lidi z cel\u00e9 zem\u011b jako magnet. \u017divotn\u00ed n\u00e1klady jsou sice vysok\u00e9, ale kompenzuj\u00ed je vysok\u00e9 platy, s nimi\u017e lid\u00e9 \u017eij\u00edc\u00ed v jin\u00fdch m\u011bstsk\u00fdch centrech obvykle nemohou po\u010d\u00edtat. Bydlen\u00ed v hlavn\u00edm m\u011bst\u011b je v\u00fdhodn\u00e9, proto\u017ee m\u016f\u017eete vyu\u017e\u00edvat \u0159adu slu\u017eeb, ani\u017e byste museli opustit domov, a v\u011bt\u0161inu v\u011bc\u00ed si m\u016f\u017eete objednat. Mnoho lid\u00ed, kte\u0159\u00ed p\u0159ij\u00ed\u017ed\u011bj\u00ed do Var\u0161avy z men\u0161\u00edch m\u011bst, poukazuje na to, \u017ee hlavn\u00ed m\u011bsto m\u016f\u017ee b\u00fdt zpo\u010d\u00e1tku trochu ohromuj\u00edc\u00ed. Ve Var\u0161av\u011b m\u016f\u017eete tr\u00e1vit voln\u00fd \u010das vyu\u017e\u00edv\u00e1n\u00edm bohat\u00e9 kulturn\u00ed nab\u00eddky, proto\u017ee se zde nach\u00e1z\u00ed v\u011bt\u0161ina pozoruhodn\u00fdch muze\u00ed, m\u016f\u017eete nav\u0161t\u011bvovat liter\u00e1rn\u00ed ve\u010dery, vyu\u017e\u00edvat nab\u00eddky nejlep\u0161\u00edch a nejoce\u0148ovan\u011bj\u0161\u00edch kav\u00e1ren nebo chodit na tane\u010dn\u00ed z\u00e1bavy. Ka\u017ed\u00fd milovn\u00edk historie bude jist\u011b spokojen, proto\u017ee si zde m\u016f\u017ee prohl\u00e9dnout mnoho zaj\u00edmav\u00fdch m\u00edst, nach\u00e1z\u00ed se zde Muzeum Var\u0161avsk\u00e9ho povst\u00e1n\u00ed, Citadela, kter\u00e1 se dynamicky rozv\u00edj\u00ed, buduje se zde \u0159ada velmi modern\u00edch muze\u00ed, v hlavn\u00edm m\u011bst\u011b se nach\u00e1z\u00ed tak\u00e9 Muzeum Fryderyka Chopina, tak\u017ee m\u016f\u017eeme \u0159\u00edci, \u017ee hlavn\u00ed m\u011bsto se uk\u00e1\u017ee jako uspokojiv\u00e9 \u0159e\u0161en\u00ed v ka\u017ed\u00e9m ohledu. Ne\u017e se rozhodnete pro bydlen\u00ed ve Var\u0161av\u011b, m\u011bli byste se zamyslet nad t\u00edm, zda bude z m\u00edsta va\u0161eho bydli\u0161t\u011b dobr\u00e9 doj\u00ed\u017ed\u011bt do zam\u011bstn\u00e1n\u00ed. Pokud se rozhodnete \u017e\u00edt v Bia\u0142o\u0142\u0119ce, bude lep\u0161\u00ed, kdy\u017e se budete pohybovat autem, proto\u017ee autobusov\u00e1 doprava, resp. ve\u0159ejn\u00e1 doprava zde funguje jinak. Pokud nem\u00e1te auto, bude lep\u0161\u00ed, kdy\u017e budete bydlet v bl\u00edzkosti metra, proto\u017ee to je vynikaj\u00edc\u00ed \u0159e\u0161en\u00ed, jak se pohybovat po hlavn\u00edm m\u011bst\u011b.<\/p>\n<h2>Jak\u00fd byl dosa\u017een pokrok ve v\u00fdstavb\u011b trasy metra?<\/h2>\n<p>Var\u0161avsk\u00e9 metro se dynamicky roz\u0161i\u0159uje. Hovo\u0159\u00ed se o otev\u0159en\u00ed nov\u00fdch \u00fasek\u016f druh\u00e9 linky metra, kter\u00e9 maj\u00ed vytvo\u0159it dopravn\u00ed spojen\u00ed s Bemowem a Br\u00f3dnem. Lze \u0159\u00edci, \u017ee roz\u0161\u00ed\u0159en\u00ed var\u0161avsk\u00e9ho metra bylo jednou z priorit, kter\u00e9 si stanovil prim\u00e1tor Var\u0161avy Rafa\u0142 Trzaskowski. Modern\u00ed, pln\u011b roz\u0161\u00ed\u0159en\u00e9 metro ud\u011bl\u00e1 z Var\u0161avy modern\u00ed, pln\u011b evropsk\u00e9 m\u011bsto. Pokud se poda\u0159\u00ed zprovoznit dva v\u00fd\u0161e uveden\u00e9 nov\u00e9 \u00faseky, bude m\u00edt linka II 19 km. a 18 stanic. Po tomto \u00fasp\u011bchu u\u017e zb\u00fdv\u00e1 jen zab\u011bhnout 4 km dlouh\u00fd \u00fasek do Karolina.<\/p>\n<p>&nbsp;<\/p>","protected":false},"excerpt":{"rendered":"<p>Warszawa funkcjonuje jako stolica Polski od 1592r., kiedy to po po\u017carze Zamku na Wawelu, kr\u00f3l Zygmunt III Waza przeni\u00f3s\u0142 tutaj siedzib\u0119 w\u0142adzy kr\u00f3lewskiej, instytucje. Ciekawostk\u0105 o kt\u00f3rej wiedz\u0105 jedynie nieliczni jest fakt, \u017ce Warszawa uzyska\u0142a formalny zapis o sto\u0142eczno\u015bci dopiero w 1952r., kiedy to prezydentem by\u0142 Boles\u0142aw Bierut. Mo\u017cna dzi\u015b r\u00f3\u017cnie ocenia\u0107 komunistycznego prezydenta, jednak [&hellip;]<\/p>\n","protected":false},"author":2,"featured_media":712,"comment_status":"open","ping_status":"closed","sticky":false,"template":"","format":"standard","meta":{"inline_featured_image":false,"footnotes":""},"categories":[33],"tags":[50],"class_list":["post-711","post","type-post","status-publish","format-standard","has-post-thumbnail","hentry","category-podroze","tag-all"],"_links":{"self":[{"href":"https:\/\/lifestylerek.com\/cs\/wp-json\/wp\/v2\/posts\/711","targetHints":{"allow":["GET"]}}],"collection":[{"href":"https:\/\/lifestylerek.com\/cs\/wp-json\/wp\/v2\/posts"}],"about":[{"href":"https:\/\/lifestylerek.com\/cs\/wp-json\/wp\/v2\/types\/post"}],"author":[{"embeddable":true,"href":"https:\/\/lifestylerek.com\/cs\/wp-json\/wp\/v2\/users\/2"}],"replies":[{"embeddable":true,"href":"https:\/\/lifestylerek.com\/cs\/wp-json\/wp\/v2\/comments?post=711"}],"version-history":[{"count":0,"href":"https:\/\/lifestylerek.com\/cs\/wp-json\/wp\/v2\/posts\/711\/revisions"}],"wp:featuredmedia":[{"embeddable":true,"href":"https:\/\/lifestylerek.com\/cs\/wp-json\/wp\/v2\/media\/712"}],"wp:attachment":[{"href":"https:\/\/lifestylerek.com\/cs\/wp-json\/wp\/v2\/media?parent=711"}],"wp:term":[{"taxonomy":"category","embeddable":true,"href":"https:\/\/lifestylerek.com\/cs\/wp-json\/wp\/v2\/categories?post=711"},{"taxonomy":"post_tag","embeddable":true,"href":"https:\/\/lifestylerek.com\/cs\/wp-json\/wp\/v2\/tags?post=711"}],"curies":[{"name":"wp","href":"https:\/\/api.w.org\/{rel}","templated":true}]}}