{"id":2041,"date":"2024-02-14T07:12:32","date_gmt":"2024-02-14T07:12:32","guid":{"rendered":"https:\/\/lifestylerek.com\/?p=2041"},"modified":"2024-02-14T07:13:25","modified_gmt":"2024-02-14T07:13:25","slug":"jak-odkryc-dziedzictwo-stefana-zeromskiego-w-nowoczesnym-swiecie-ksiazek","status":"publish","type":"post","link":"https:\/\/lifestylerek.com\/fi\/miten-loytaa-stefan-zeromskin-historiaa-modernissa-kirjamaailmassa\/","title":{"rendered":"Miten l\u00f6yt\u00e4\u00e4 Stefan \u017beromskin perint\u00f6 nykyajan kirjamaailmasta?"},"content":{"rendered":"<div class=\"do-not-translate\" data-no-auto-translation=\"\">\n<p><strong>Stefan \u017beromski, nazywany sumieniem polskiej literatury, do dzi\u015b fascynuje czytelnik\u00f3w na ca\u0142ym \u015bwiecie. Jego dzie\u0142a, p<\/strong><strong>e\u0142ne refleksji na temat spo\u0142ecze\u0144stwa, moralno\u015bci i to\u017csamo\u015bci narodowej, inspiruj\u0105 do poszerzania horyzont\u00f3w my\u015blowych. W sklepie z ksi\u0105\u017ckami przedstawienie jego tw\u00f3rczo\u015bci jako mostu mi\u0119dzy przesz\u0142o\u015bci\u0105 a tera\u017aniejszo\u015bci\u0105 mo\u017ce przyci\u0105gn\u0105\u0107 nowe pokolenia.<\/strong><!--more--><\/p>\n<h2>Tw\u00f3rczo\u015b\u0107 \u017beromskiego w edukacji i kulturze wsp\u00f3\u0142czesnej<\/h2>\n<p>Wprowadzenie tw\u00f3rczo\u015bci takiego wielkiego tw\u00f3rcy jak <a href=\"https:\/\/matfel.pl\/tra-pol-182940-Stefan-Zeromski.html\" rel=\"noopener\"><u>Stefan \u017beromski<\/u><\/a>\u00a0do program\u00f3w edukacyjnych jest kluczowe dla zrozumienia przemian spo\u0142eczno-historycznych Polski. Jego powie\u015bci, obowi\u0105zkowe w wielu kanonach szkolnych, dostarczaj\u0105 wiedzy historycznej i etycznej, podkre\u015blaj\u0105c warto\u015b\u0107 odwagi i po\u015bwi\u0119cenia.<\/p>\n<p>Wsp\u00f3\u0142praca sklep\u00f3w z ksi\u0105\u017ckami ze szko\u0142ami w celu organizacji konkurs\u00f3w literackich czy projekt\u00f3w edukacyjnych skupionych na \u017cyciu i dzie\u0142ach \u017beromskiego mog\u0142aby pog\u0142\u0119bi\u0107 zrozumienie jego spu\u015bcizny. Cykliczne wydarzenia, jak nocne czytania czy warsztaty pisania inspirowane jego tw\u00f3rczo\u015bci\u0105, mog\u0142yby zaanga\u017cowa\u0107 m\u0142odzie\u017c i doros\u0142ych, czyni\u0105c \u017beromskiego \u017cywym \u015bwiadkiem zmian spo\u0142ecznych.<\/p>\n<h2>Stefan \u017beromski a wyzwania wsp\u00f3\u0142czesno\u015bci<\/h2>\n<p>W dobie globalizacji i szybkich zmian spo\u0142ecznych tw\u00f3rczo\u015b\u0107 tak znamienitego artysty, jak Stefan \u017beromski mo\u017ce sta\u0107 si\u0119 punktem odniesienia w poszukiwaniu sta\u0142ych warto\u015bci i idea\u0142\u00f3w. Jego zaanga\u017cowanie w kwestie spo\u0142eczne, sprawiedliwo\u015b\u0107 i r\u00f3wno\u015b\u0107 daje czytelnikom narz\u0119dzia do analizy i krytycznego spojrzenia na wsp\u00f3\u0142czesny \u015bwiat. Promowanie jego dzie\u0142 przez sklepy z ksi\u0105\u017ckami, poprzez wydania specjalne, audiobooki czy ekskluzywne kolekcje, mo\u017ce przyci\u0105gn\u0105\u0107 uwag\u0119 os\u00f3b poszukuj\u0105cych g\u0142\u0119bi intelektualnej i moralnej.<\/p>\n<p>Organizacja tematycznych paneli dyskusyjnych z udzia\u0142em historyk\u00f3w, literaturoznawc\u00f3w i filozof\u00f3w, skupiaj\u0105cych si\u0119 na aktualno\u015bci przes\u0142a\u0144 \u017beromskiego, m\u00f3g\u0142by zainspirowa\u0107 do refleksji nad dzisiejszym \u015bwiatem. Dzia\u0142ania te, ukazuj\u0105c bogactwo i r\u00f3\u017cnorodno\u015b\u0107 interpretacji jego dzie\u0142, mog\u0105 przyczyni\u0107 si\u0119 do o\u017cywienia zainteresowania jego osob\u0105 i tw\u00f3rczo\u015bci\u0105.<\/p>\n<h2>Odkryj na nowo Stefana \u017beromskiego<\/h2>\n<p>Stefan \u017beromski, mimo up\u0142ywu lat, pozostaje aktualny i inspiruj\u0105cy. Jego dzie\u0142a, b\u0119d\u0105ce \u017ar\u00f3d\u0142em inspiracji dla kolejnych pokole\u0144, zach\u0119caj\u0105 do refleksji nad w\u0142asn\u0105 to\u017csamo\u015bci\u0105 i miejscem w spo\u0142ecze\u0144stwie. Sklepy z ksi\u0105\u017ckami, organizuj\u0105c dzia\u0142ania promuj\u0105ce jego tw\u00f3rczo\u015b\u0107, mog\u0105 przyczyni\u0107 si\u0119 do odnowienia zainteresowania jego osob\u0105 i dzie\u0142ami.<\/p>\n<p>Jest to szczeg\u00f3lnie wa\u017cne w kontek\u015bcie wsp\u00f3\u0142czesnych wyzwa\u0144, przed kt\u00f3rymi stoi \u015bwiat. Dzi\u0119ki dzia\u0142aniom edukacyjnym i kulturalnym tw\u00f3rczo\u015b\u0107 \u017beromskiego mo\u017ce sta\u0107 si\u0119 mostem \u0142\u0105cz\u0105cym pokolenia, inspiruj\u0105c do dialogu i poszukiwania wsp\u00f3lnych warto\u015bci.<\/p>\n<p>Artyku\u0142 partnera.<\/p>\n<\/div>","protected":false},"excerpt":{"rendered":"<p>Stefan \u017beromski, jota on kutsuttu puolalaisen kirjallisuuden omatunnoksi, kiehtoo edelleen lukijoita kaikkialla maailmassa. H\u00e4nen teoksensa, jotka ovat t\u00e4ynn\u00e4 pohdintoja yhteiskunnasta, moraalista ja kansallisesta identiteetist\u00e4, innostavat ihmisi\u00e4 laajentamaan ajatusmaailmaansa. Kirjakaupan kuvaus h\u00e4nen teoksistaan siltana menneisyyden ja nykyisyyden v\u00e4lill\u00e4 saattaa houkutella uusia sukupolvia.<\/p>","protected":false},"author":1,"featured_media":2042,"comment_status":"open","ping_status":"closed","sticky":false,"template":"","format":"standard","meta":{"inline_featured_image":false,"footnotes":""},"categories":[41],"tags":[46],"class_list":["post-2041","post","type-post","status-publish","format-standard","has-post-thumbnail","hentry","category-kultura","tag-pl"],"_links":{"self":[{"href":"https:\/\/lifestylerek.com\/fi\/wp-json\/wp\/v2\/posts\/2041","targetHints":{"allow":["GET"]}}],"collection":[{"href":"https:\/\/lifestylerek.com\/fi\/wp-json\/wp\/v2\/posts"}],"about":[{"href":"https:\/\/lifestylerek.com\/fi\/wp-json\/wp\/v2\/types\/post"}],"author":[{"embeddable":true,"href":"https:\/\/lifestylerek.com\/fi\/wp-json\/wp\/v2\/users\/1"}],"replies":[{"embeddable":true,"href":"https:\/\/lifestylerek.com\/fi\/wp-json\/wp\/v2\/comments?post=2041"}],"version-history":[{"count":0,"href":"https:\/\/lifestylerek.com\/fi\/wp-json\/wp\/v2\/posts\/2041\/revisions"}],"wp:featuredmedia":[{"embeddable":true,"href":"https:\/\/lifestylerek.com\/fi\/wp-json\/wp\/v2\/media\/2042"}],"wp:attachment":[{"href":"https:\/\/lifestylerek.com\/fi\/wp-json\/wp\/v2\/media?parent=2041"}],"wp:term":[{"taxonomy":"category","embeddable":true,"href":"https:\/\/lifestylerek.com\/fi\/wp-json\/wp\/v2\/categories?post=2041"},{"taxonomy":"post_tag","embeddable":true,"href":"https:\/\/lifestylerek.com\/fi\/wp-json\/wp\/v2\/tags?post=2041"}],"curies":[{"name":"wp","href":"https:\/\/api.w.org\/{rel}","templated":true}]}}