{"id":1733,"date":"2023-07-10T10:00:24","date_gmt":"2023-07-10T10:00:24","guid":{"rendered":"https:\/\/lifestylerek.com\/?p=1733"},"modified":"2023-07-19T11:13:06","modified_gmt":"2023-07-19T11:13:06","slug":"fryzury-meskie-krotkie-idealne-na-gorace-lato","status":"publish","type":"post","link":"https:\/\/lifestylerek.com\/hu\/frizurak-ferfiak-rovid-rovid-tokeletes-for-dogos-nyar\/","title":{"rendered":"F\u00e9rfi r\u00f6vid frizur\u00e1k - t\u00f6k\u00e9letes a forr\u00f3 ny\u00e1ri id\u0151j\u00e1r\u00e1shoz"},"content":{"rendered":"<p><strong>A ny\u00e1r az az id\u0151szak, amikor a f\u00e9rfiak gyakran gondolkodnak a frizur\u00e1juk megv\u00e1ltoztat\u00e1s\u00e1n, hogy divatosan \u00e9s k\u00e9nyelmesen v\u00e9szelj\u00e9k \u00e1t a h\u0151s\u00e9get. Az egyik legn\u00e9pszer\u0171bb v\u00e1laszt\u00e1s a r\u00f6vid hajv\u00e1g\u00e1s, amely nemcsak frissess\u00e9get biztos\u00edt, hanem eredeti st\u00edlust is ad. A megfelel\u0151en v\u00e1gott haj teddy sz\u00e1mos el\u0151nyt hordoz, p\u00e9ld\u00e1ul a k\u00f6nny\u0171 form\u00e1zhat\u00f3s\u00e1got, ami k\u00fcl\u00f6n\u00f6sen k\u00edv\u00e1natos a ny\u00e1ri h\u00f3napokban. Ebben a cikkben megn\u00e9zz\u00fck a k\u00fcl\u00f6nb\u00f6z\u0151 f\u00e9rfi r\u00f6vid frizur\u00e1kat, amelyek ide\u00e1lisak a forr\u00f3 h\u00f3napokban, \u00e9s tippeket adunk, hogyan v\u00e1laszd ki a sz\u00e1modra megfelel\u0151t. Fedezd fel a divatos f\u00e9rfi r\u00f6vid frizur\u00e1kat m\u00e9g ma!\u00a0<\/strong><\/p>\n<h2>Borotv\u00e1lt oldal: f\u00e9rfi r\u00f6vid frizur\u00e1k - French Crop<\/h2>\n<p>A r\u00f6vid f\u00e9rfi francia v\u00e1gott frizura divatos \u00e9s st\u00edlusos v\u00e1laszt\u00e1s ny\u00e1rra, \u00e9s r\u00f6vid haj a t\u00f6v\u00e9n\u00e9l, fokozatosan haladva a m\u00e9g r\u00f6videbb oldal \u00e9s h\u00e1t fel\u00e9. T\u00f6rt\u00e9nete az 1920-as \u00e9vekre ny\u00falik vissza, amikor rendk\u00edv\u00fcl n\u00e9pszer\u0171 volt.\u00a0<strong>n\u00e9pszer\u0171 az avantg\u00e1rd m\u0171v\u00e9szek \u00e9s \u00e9rtelmis\u00e9giek k\u00f6r\u00e9ben<\/strong>. Az\u00f3ta a francia term\u00e9s sz\u00e1mos m\u00f3dos\u00edt\u00e1son ment kereszt\u00fcl, de mindig meg\u0151rizte jellegzetes, takaros \u00e9s eleg\u00e1ns megjelen\u00e9s\u00e9t. Ennek a frizur\u00e1nak az egyik f\u0151 er\u0151ss\u00e9ge a k\u00f6nny\u0171 karbantarthat\u00f3s\u00e1ga \u00e9s form\u00e1zhat\u00f3s\u00e1ga. A r\u00f6vid haj tetej\u00e9n lehet\u00a0<strong>F\u00e9s\u00fclje oldalra, \u00e1ll\u00edtsa fel, vagy f\u00e9s\u00fclje finoman a laz\u00e1bb hat\u00e1s \u00e9rdek\u00e9ben.<\/strong>. A francia v\u00e1g\u00e1s sokf\u00e9le arct\u00edpushoz illik, kiemeli az arccsontokat \u00e9s megny\u00fajtja az arcot, ide\u00e1lis frizur\u00e1t biztos\u00edtva a kerek vagy sz\u00f6gletes arc\u00fa f\u00e9rfiak sz\u00e1m\u00e1ra.<\/p>\n<h2>Nagyon r\u00f6vid f\u00e9rfi frizur\u00e1k - Buzz Cut<\/h2>\n<p>A f\u00e9rfi Buzz Cut frizura minimalista \u00e9s mer\u00e9sz v\u00e1laszt\u00e1s, amelyet a fej eg\u00e9sz\u00e9n nagyon r\u00f6vidre v\u00e1gott haj jellemez. Ez az egyedi frizura <strong>az ultrar\u00f6vid hossz egys\u00e9ges, m\u00e9gis figyelemfelkelt\u0151 designt eredm\u00e9nyez<\/strong>. A Buzz Cut t\u00f6rt\u00e9nete a katonas\u00e1gig ny\u00falik vissza, ahol praktikuss\u00e1ga \u00e9s higi\u00e9ni\u00e1ja miatt volt n\u00e9pszer\u0171. M\u00e1ra divatoss\u00e1 v\u00e1lt a divat \u00e9s a popkult\u00fara vil\u00e1g\u00e1ban, \u00e9s a magabiztoss\u00e1got szimboliz\u00e1lja. A Buzz Cut k\u00fcl\u00f6n\u00f6sen vonz\u00f3 a f\u00e9rfiak sz\u00e1m\u00e1ra. <strong>er\u0151s von\u00e1sok \u00e9s szimmetrikus arc<\/strong>, sikeresen kiemelve von\u00e1saikat \u00e9s karaktert k\u00f6lcs\u00f6n\u00f6zve nekik. A Buzz Cut egy magabiztoss\u00e1got n\u00f6vel\u0151 frizura, amely f\u00e9rfias er\u0151t sug\u00e1roz, ide\u00e1lis azok sz\u00e1m\u00e1ra, akik <strong>egyedi frizur\u00e1val szeretn\u00e9k kifejezni egy\u00e9nis\u00e9g\u00fcket \u00e9s f\u00fcggetlens\u00e9g\u00fcket.\u00a0<\/strong><\/p>\n<h2>F\u00e9rfi r\u00f6vid frizur\u00e1k - Pompadour<\/h2>\n<p>Amikor a f\u00e9rfiak r\u00f6vid frizur\u00e1ir\u00f3l van sz\u00f3, a Pompadour egy igazi szimb\u00f3lum. <strong>klasszikus st\u00edlus \u00e9s elegancia.<\/strong>\u00a0Ide\u00e1lis olyan f\u00e9rfiak sz\u00e1m\u00e1ra, akik szeretn\u00e9nek kit\u0171nni megjelen\u00e9s\u00fckkel \u00e9s magabiztoss\u00e1got sug\u00e1rozni. A Pompadour gy\u00f6kerei az 1950-es \u00e9vekig ny\u00falnak vissza, amikor a legend\u00e1s zen\u00e9sznek, Elvis Presley-nek k\u00f6sz\u00f6nhet\u0151en v\u00e1lt n\u00e9pszer\u0171v\u00e9.\u00a0<strong>Az\u00f3ta a rockabilly \u00e9s a retro st\u00edlus szinonim\u00e1j\u00e1v\u00e1 v\u00e1lt.<\/strong>\u00a0Ha elb\u0171v\u00f6l\u0151 st\u00edlusra v\u00e1gysz, a hossz\u00fa haj fels\u0151 r\u00e9sz\u00e9t h\u00e1tra lehet emelni, hogy finom hull\u00e1mos hat\u00e1st \u00e9rj\u00fcnk el, ami a frizur\u00e1nak volument \u00e9s eleganci\u00e1t k\u00f6lcs\u00f6n\u00f6z. A pompadour sokoldal\u00fas\u00e1g\u00e1nak k\u00f6sz\u00f6nhet\u0151en k\u00fcl\u00f6nb\u00f6z\u0151 arcform\u00e1khoz illik. A\u00a0<strong>a kerek arc\u00fa emberek seg\u00edthetnek vizu\u00e1lisan meghosszabb\u00edtani az arcot<\/strong>, kiemelve az arccsontokat \u00e9s meghat\u00e1rozva az \u00e1llkapocsvonalat. A pompadour egy n\u00e9pszer\u0171 frizura, amely \u00f6tv\u00f6zi az eleganci\u00e1t \u00e9s a rock st\u00edlust, \u00e9s t\u00f6k\u00e9letesen illik azokhoz a f\u00e9rfiakhoz, akik\u00a0<strong>ki akar t\u0171nni a t\u00f6megb\u0151l \u00e9s magabiztosan ragyogni.<\/strong><\/p>\n<h2>F\u00e9rfi r\u00f6vid frizur\u00e1k: hosszabb oldalak - Mullet Hair<\/h2>\n<p>A Mullet f\u00e9rfi frizura egy mer\u00e9sz, divatos, de m\u00e9gis <strong>ellentmond\u00e1sos<\/strong>\u00a0v\u00e1laszt\u00e1s, amelyet a fej elej\u00e9n r\u00f6vid, h\u00e1tul hossz\u00fa haj jellemez. Ez a frizura a 80-as \u00e9s 90-es \u00e9vekre eml\u00e9keztet, \u00e9s retro trendk\u00e9nt \u00fajra n\u00e9pszer\u0171v\u00e9 v\u00e1lt.\u00a0<strong>Az 1970-es \u00e9vekben viszont a fiatalabb gener\u00e1ci\u00f3 l\u00e1zad\u00e1s\u00e1t \u00e9s f\u00fcggetlens\u00e9g\u00e9t fejezte ki.<\/strong> A Mullet Hair egyik f\u0151 er\u0151ss\u00e9ge az extravag\u00e1ns megjelen\u00e9s. A r\u00f6vid haj el\u00f6l \u00e9s a hossz\u00fa haj h\u00e1tul kontrasztos hat\u00e1st kelt, ami felh\u00edvja a figyelmet \u00e9s karaktert ad. \u00c9rdemes azt is megjegyezni, hogy ennek a frizur\u00e1nak k\u00fcl\u00f6nb\u00f6z\u0151 vari\u00e1ci\u00f3i vannak, mint p\u00e9ld\u00e1ul a modern Mullet - visszafogottabb \u00e9s finomabb, <strong>megtartva a jellegzetes hossz\u00fa h\u00e1ts\u00f3 r\u00e9szt, de letisztultabb, kifinomultabb megjelen\u00e9ssel.\u00a0<\/strong><\/p>","protected":false},"excerpt":{"rendered":"<p>Lato to czas, kiedy m\u0119\u017cczy\u017ani cz\u0119sto zastanawiaj\u0105 si\u0119 nad zmian\u0105 fryzury, aby przetrwa\u0107 upa\u0142y w modny i komfortowy spos\u00f3b. Jednym z najpopularniejszych wybor\u00f3w s\u0105 kr\u00f3tkie fryzury, kt\u00f3re nie tylko zapewniaj\u0105 \u015bwie\u017co\u015b\u0107, ale tak\u017ce dodaj\u0105 oryginalnego stylu. Odpowiednio ostrzy\u017cone w\u0142osy misia za sob\u0105 szereg zalet, takich jak \u0142atwo\u015b\u0107 stylizacji, co jest szczeg\u00f3lnie po\u017c\u0105dane podczas letnich miesi\u0119cy. [&hellip;]<\/p>\n","protected":false},"author":2,"featured_media":1734,"comment_status":"open","ping_status":"closed","sticky":false,"template":"","format":"standard","meta":{"inline_featured_image":false,"footnotes":""},"categories":[31,29,37,30],"tags":[78,77,76],"class_list":["post-1733","post","type-post","status-publish","format-standard","has-post-thumbnail","hentry","category-lifestyle","category-moda","category-slub","category-uroda","tag-buzz-cut","tag-fryzury","tag-fryzury-meskie-krotkie"],"_links":{"self":[{"href":"https:\/\/lifestylerek.com\/hu\/wp-json\/wp\/v2\/posts\/1733","targetHints":{"allow":["GET"]}}],"collection":[{"href":"https:\/\/lifestylerek.com\/hu\/wp-json\/wp\/v2\/posts"}],"about":[{"href":"https:\/\/lifestylerek.com\/hu\/wp-json\/wp\/v2\/types\/post"}],"author":[{"embeddable":true,"href":"https:\/\/lifestylerek.com\/hu\/wp-json\/wp\/v2\/users\/2"}],"replies":[{"embeddable":true,"href":"https:\/\/lifestylerek.com\/hu\/wp-json\/wp\/v2\/comments?post=1733"}],"version-history":[{"count":0,"href":"https:\/\/lifestylerek.com\/hu\/wp-json\/wp\/v2\/posts\/1733\/revisions"}],"wp:featuredmedia":[{"embeddable":true,"href":"https:\/\/lifestylerek.com\/hu\/wp-json\/wp\/v2\/media\/1734"}],"wp:attachment":[{"href":"https:\/\/lifestylerek.com\/hu\/wp-json\/wp\/v2\/media?parent=1733"}],"wp:term":[{"taxonomy":"category","embeddable":true,"href":"https:\/\/lifestylerek.com\/hu\/wp-json\/wp\/v2\/categories?post=1733"},{"taxonomy":"post_tag","embeddable":true,"href":"https:\/\/lifestylerek.com\/hu\/wp-json\/wp\/v2\/tags?post=1733"}],"curies":[{"name":"wp","href":"https:\/\/api.w.org\/{rel}","templated":true}]}}