{"id":708,"date":"2023-02-22T17:01:01","date_gmt":"2023-02-22T17:01:01","guid":{"rendered":"https:\/\/lifestylerek.pl\/?p=708"},"modified":"2023-02-22T17:01:01","modified_gmt":"2023-02-22T17:01:01","slug":"sufit-napinany-nowoczesne-i-praktyczne-rozwiazanie","status":"publish","type":"post","link":"https:\/\/lifestylerek.com\/hu\/mennyezetre-szerelheto-modern-es-praktikus-megoldas\/","title":{"rendered":"Fesz\u00edtett mennyezet - modern \u00e9s praktikus megold\u00e1s"},"content":{"rendered":"<p style=\"text-align: justify;\">A h\u00e1zban vagy a lak\u00e1sban l\u00e9v\u0151 mennyezet \u00e9rdekes \u00e9s eredeti elrendez\u00e9se t\u00f6k\u00e9letesen megv\u00e1ltoztathatja b\u00e1rmelyik szoba megjelen\u00e9s\u00e9t. A fesz\u00edtett mennyezet be\u00e9p\u00edt\u00e9se manaps\u00e1g egyre n\u00e9pszer\u0171bb\u00e9 v\u00e1lik, ami egy nagyon l\u00e1tv\u00e1nyos \u00e9s \u00e9rdekes \u00f6tlet, amely minden vend\u00e9g szem\u00e9t mag\u00e1ra vonzza. Mi az a fesz\u00edtett mennyezet be\u00e9p\u00edt\u00e9se \u00e9s mik ennek az eredeti megold\u00e1snak a jellemz\u0151i?<\/p>\n<h2 style=\"text-align: justify;\">Stretch plafon - mit \u00e9rdemes tudni r\u00f3la?<\/h2>\n<p style=\"text-align: justify;\"><strong>Fesz\u00edtett mennyezet<\/strong>\u00a0(m\u00e1s n\u00e9ven fesz\u00edtett mennyezet) val\u00f3j\u00e1ban az \u00e1lmennyezetek egyik t\u00edpusa, amely egy rugalmas anyag fesz\u00edt\u00e9s\u00e9b\u0151l \u00e9s sz\u00e9tter\u00edt\u00e9s\u00e9b\u0151l \u00e1ll a t\u00e9nyleges mennyezet alatt. Az eg\u00e9sz egy erre a c\u00e9lra szolg\u00e1l\u00f3 szerkezeten alapul, maga a mennyezet pedig t\u0171z- \u00e9s v\u00edz\u00e1ll\u00f3 anyagokb\u00f3l k\u00e9sz\u00fclt. Erre a c\u00e9lra leggyakrabban PVC-f\u00f3li\u00e1t vagy poli\u00e9sztersz\u00f6vetet haszn\u00e1lnak. Az ilyen mennyezet felszerel\u00e9s\u00e9hez sz\u00fcks\u00e9ges anyagot \u00e1ltal\u00e1ban megrendel\u00e9sre k\u00e9sz\u00edtik, mivel t\u00f6k\u00e9letesen illeszkednie kell annak a bels\u0151 t\u00e9rnek a m\u00e9ret\u00e9hez, amelyben elhelyezik.<\/p>\n<h2 style=\"text-align: justify;\">Hogyan szerelik fel a fesz\u00edtett mennyezetet?<\/h2>\n<p style=\"text-align: justify;\">A legfontosabb dolog, amir\u0151l a telep\u00edt\u00e9s el\u0151tt gondoskodni kell.\u00a0<strong>fesz\u00edtett mennyezet<\/strong>\u00a0annak a helyis\u00e9gnek a pontos m\u00e9rete, amelyben elhelyezz\u00fck. Az ilyen t\u00edpus\u00fa mennyezetek be\u00e9p\u00edt\u00e9s\u00e9vel foglalkoz\u00f3 professzion\u00e1lis c\u00e9gek a helyis\u00e9g \u00f6sszes fal\u00e1t is megm\u00e9rik, \u00e9s az adatokat sz\u00e1m\u00edt\u00f3g\u00e9pes rendszerbe viszik be, amelynek k\u00f6sz\u00f6nhet\u0151en pontosan meghat\u00e1rozz\u00e1k az anyag m\u00e9ret\u00e9t, \u00e9s elk\u00e9sz\u00edtik a bels\u0151 t\u00e9r kivet\u00edt\u00e9s\u00e9t. Az anyagot egyedi megrendel\u00e9sre k\u00e9sz\u00edtik el, ehhez prec\u00edzen v\u00e1gj\u00e1k \u00e9s v\u00e1gj\u00e1k \u00f6ssze a gyakran szigonyk\u00e9nt emlegetett gumib\u00f3l k\u00e9sz\u00fclt horgokkal.<\/p>\n<p style=\"text-align: justify;\">A felszerel\u00e9s els\u0151 l\u00e9p\u00e9se\u00a0<strong>fesz\u00edtett mennyezet<\/strong>\u00a0az alum\u00edniumb\u00f3l k\u00e9sz\u00fclt l\u00e9cek (speci\u00e1lis s\u00ednek) elhelyez\u00e9se a falakon, amelyek az el\u0151k\u00e9sz\u00edtett szerkezet keret\u00e9t alkotj\u00e1k. A k\u00f6vetkez\u0151 f\u00e1zisban az anyagot sz\u00e9tter\u00edtik \u00e9s a bilincsekhez r\u00f6gz\u00edtik, majd egy f\u0171t\u0151berendez\u00e9s seg\u00edts\u00e9g\u00e9vel az anyagot a megfelel\u0151 h\u0151m\u00e9rs\u00e9kletre (\u00e1ltal\u00e1ban 70 Celsius-fok k\u00f6r\u00fcli h\u0151m\u00e9rs\u00e9kletre) meleg\u00edtik. Meleg\u00edt\u00e9s ut\u00e1n az anyag rugalmasabb\u00e1 \u00e9s rugalmasabb\u00e1 v\u00e1lik, aminek k\u00f6sz\u00f6nhet\u0151en az erre a c\u00e9lra kifejlesztett professzion\u00e1lis szersz\u00e1mok seg\u00edts\u00e9g\u00e9vel az anyagot pontosan a falakon kor\u00e1bban elhelyezett l\u00e9cekhez lehet r\u00f6gz\u00edteni.  Az anyag be\u00e9p\u00edt\u00e9se ut\u00e1n speci\u00e1lis maszkol\u00f3cs\u00edkokat helyeznek el, amelyeknek dekorat\u00edv funkci\u00f3juk is van.<\/p>\n<p style=\"text-align: justify;\">Fontos, hogy maga a l\u00e9tes\u00edtm\u00e9ny\u00a0<strong>fesz\u00edtett mennyezetek<\/strong>\u00a0Annak ellen\u00e9re, hogy ezt szakembereknek kell elv\u00e9gezni\u00fck, ez egy meglehet\u0151sen egyszer\u0171 \u00e9s gyors feladat (a szakm\u00e1jukban j\u00e1rtas szakemberek k\u00e9pesek egy napon bel\u00fcl elv\u00e9gezni egy ilyen mennyezet telep\u00edt\u00e9s\u00e9t). Az eg\u00e9sz telep\u00edt\u00e9s pormentesen t\u00f6rt\u00e9nik, \u00e9s a tiszt\u00edt\u00e1sra visszamarad\u00f3 hullad\u00e9k mennyis\u00e9ge val\u00f3ban elhanyagolhat\u00f3.<\/p>\n<h2 style=\"text-align: justify;\">A fesz\u00edtett mennyezetek f\u0151 el\u0151nyei<\/h2>\n<p style=\"text-align: justify;\"><strong>Fesz\u00edtett mennyezet<\/strong>\u00a0A mennyezet ipari \u00e9s nyilv\u00e1nos helyis\u00e9gekben, valamint mag\u00e1nlak\u00e1sokban egyar\u00e1nt haszn\u00e1lhat\u00f3, \u00e9s sz\u00e1mos el\u0151nye van, amelyek k\u00f6z\u00fcl az egyik legfontosabb, hogy n\u00f6veli a bels\u0151 t\u00e9r eszt\u00e9tikai min\u0151s\u00e9g\u00e9t. F\u00fcggetlen\u00fcl att\u00f3l, hogy milyen helyis\u00e9gben ker\u00fcl elhelyez\u00e9sre, rendk\u00edv\u00fcl leny\u0171g\u00f6z\u0151en \u00e9s kifog\u00e1stalanul fog kin\u00e9zni. Mi t\u00f6bb, a fesz\u00edtett mennyezet lehet\u0151s\u00e9get ad a t\u00fck\u00f6rhat\u00e1s el\u00e9r\u00e9s\u00e9re, ami optikailag megn\u00f6veli a bels\u0151 teret. T\u00f6k\u00e9letesen elfed minden t\u00f6k\u00e9letlens\u00e9get \u00e9s egyenetlens\u00e9get. Nagyszer\u0171en mutat mind a nagy nappalikban, mind a kisebb h\u00e1l\u00f3szob\u00e1kban vagy f\u00fcrd\u0151szob\u00e1kban.<\/p>\n<p style=\"text-align: justify;\">Ezt a megold\u00e1st nagy tart\u00f3ss\u00e1g \u00e9s ellen\u00e1ll\u00f3 k\u00e9pess\u00e9g is jellemzi. A PVC \u00e9s a poli\u00e9szter anyag hossz\u00fa \u00e9vekig tart\u00f3ss\u00e1got biztos\u00edt (gyakran ellent\u00e9tben az \u00e1lmennyezetekkel). A fesz\u00edtett mennyezetek nagyon ellen\u00e1ll\u00f3ak az olyan jelens\u00e9gekkel szemben is, mint a pen\u00e9sz, a nedvess\u00e9g vagy a por. K\u00f6nnyen tiszt\u00e1n tarthat\u00f3k. Mechanikusan nehezen s\u00e9r\u00fclnek, \u00e9s ellen\u00e1llnak a magas h\u0151m\u00e9rs\u00e9kletnek.<\/p>\n<p style=\"text-align: justify;\">\u00c9rdemes tudni, hogy az ilyen mennyezetek v\u00edz\u00e1ll\u00f3ak \u00e9s t\u0171z\u00e1ll\u00f3ak is (ami k\u00fcl\u00f6n\u00f6sen fontos a szomsz\u00e9dok \u00e1rad\u00e1sa vagy t\u0171z eset\u00e9n). Ez a megold\u00e1s olyan helyis\u00e9gekben is t\u00f6k\u00e9letes lesz, ahol a tulajdonos hangszigetelni szeretn\u00e9 a szob\u00e1t. A fesz\u00edtett mennyezet jav\u00edtja az akusztik\u00e1t \u00e9s elnyeli a keletkez\u0151 hanghull\u00e1mokat.  A pontosabb hangelnyel\u00e9s \u00e9rdek\u00e9ben \u00e1sv\u00e1nygyapotot is lehet haszn\u00e1lni a t\u00e9nyleges mennyezet \u00e9s a fesz\u00edtett mennyezetet alkot\u00f3 anyag k\u00f6z\u00f6tt. Az ilyen mennyezetet k\u00f6nny\u0171 leszerelni, ami megk\u00f6nny\u00edti a hozz\u00e1f\u00e9r\u00e9st az alatta rejt\u0151z\u0151 berendez\u00e9sekhez.<\/p>\n<h2 style=\"text-align: justify;\">Fesz\u00edtett mennyezet - melyiket v\u00e1lasszuk? A fesz\u00edtett mennyezetek t\u00edpusai<\/h2>\n<p style=\"text-align: justify;\"><strong>Fesz\u00edtett mennyezetek<\/strong>\u00a0Egyed\u00fcl\u00e1ll\u00f3ak, \u00e9s az elrendez\u00e9si lehet\u0151s\u00e9gek tekintet\u00e9ben k\u00e9ts\u00e9gtelen\u00fcl el\u0151nyben vannak m\u00e1s megold\u00e1sokkal szemben. A leg\u00e9rdekesebb modellek k\u00f6z\u00e9 tartoznak a t\u00fck\u00f6rmennyezetek, amelyek eleganci\u00e1t k\u00f6lcs\u00f6n\u00f6znek a szob\u00e1nak, \u00e9s optikailag megn\u00f6velik azt. \u00c9rdemes figyelmet ford\u00edtani a megvil\u00e1g\u00edtott modellekre is, amelyek eset\u00e9ben a vil\u00e1g\u00edt\u00e1s a mennyezet teljes fel\u00fclete al\u00e1 helyezhet\u0151. A k\u00fcl\u00f6nb\u00f6z\u0151 sz\u00ednv\u00e1ltozatok LED-vil\u00e1g\u00edt\u00e1s\u00e1nak k\u00f6sz\u00f6nhet\u0151en a bels\u0151 t\u00e9r eredeti \u00e9s figyelemfelkelt\u0151 d\u00edsz\u00edt\u00e9se val\u00f3sul meg. Az eredeti megold\u00e1sokat keres\u0151k d\u00f6nthetnek \u00fagy, hogy k\u00fcl\u00f6nb\u00f6z\u0151 sz\u00edn\u0171 modelleket v\u00e1lasztanak, vagy b\u00e1rmilyen kiv\u00e1lasztott grafik\u00e1t vagy f\u00e9nyk\u00e9pet elhelyezhetnek az anyagon.<\/p>","protected":false},"excerpt":{"rendered":"<p>Ciekawa i oryginalna aran\u017cacja sufitu w domu lub mieszkaniu potrafi doskonale odmieni\u0107 wygl\u0105d ka\u017cdego pomieszczenia. Coraz wi\u0119ksz\u0105 popularno\u015bci\u0105 obecnie cieszy si\u0119 monta\u017c sufit\u00f3w napinanych, kt\u00f3ry jest bardzo efektownym oraz ciekawym pomys\u0142em przyci\u0105gaj\u0105cym wzrok ka\u017cdego go\u015bcia. Na czym polega monta\u017c sufitu napinanego i czym charakteryzuje si\u0119 te niebanalne rozwi\u0105zanie? Sufit napinany \u2013 co warto o nim [&hellip;]<\/p>\n","protected":false},"author":2,"featured_media":709,"comment_status":"open","ping_status":"closed","sticky":false,"template":"","format":"standard","meta":{"inline_featured_image":false,"footnotes":""},"categories":[36,32],"tags":[50],"class_list":["post-708","post","type-post","status-publish","format-standard","has-post-thumbnail","hentry","category-dom","category-kuchnia","tag-all"],"_links":{"self":[{"href":"https:\/\/lifestylerek.com\/hu\/wp-json\/wp\/v2\/posts\/708","targetHints":{"allow":["GET"]}}],"collection":[{"href":"https:\/\/lifestylerek.com\/hu\/wp-json\/wp\/v2\/posts"}],"about":[{"href":"https:\/\/lifestylerek.com\/hu\/wp-json\/wp\/v2\/types\/post"}],"author":[{"embeddable":true,"href":"https:\/\/lifestylerek.com\/hu\/wp-json\/wp\/v2\/users\/2"}],"replies":[{"embeddable":true,"href":"https:\/\/lifestylerek.com\/hu\/wp-json\/wp\/v2\/comments?post=708"}],"version-history":[{"count":0,"href":"https:\/\/lifestylerek.com\/hu\/wp-json\/wp\/v2\/posts\/708\/revisions"}],"wp:featuredmedia":[{"embeddable":true,"href":"https:\/\/lifestylerek.com\/hu\/wp-json\/wp\/v2\/media\/709"}],"wp:attachment":[{"href":"https:\/\/lifestylerek.com\/hu\/wp-json\/wp\/v2\/media?parent=708"}],"wp:term":[{"taxonomy":"category","embeddable":true,"href":"https:\/\/lifestylerek.com\/hu\/wp-json\/wp\/v2\/categories?post=708"},{"taxonomy":"post_tag","embeddable":true,"href":"https:\/\/lifestylerek.com\/hu\/wp-json\/wp\/v2\/tags?post=708"}],"curies":[{"name":"wp","href":"https:\/\/api.w.org\/{rel}","templated":true}]}}