{"id":720,"date":"2023-02-24T16:01:01","date_gmt":"2023-02-24T16:01:01","guid":{"rendered":"https:\/\/lifestylerek.pl\/?p=720"},"modified":"2023-02-24T16:01:01","modified_gmt":"2023-02-24T16:01:01","slug":"hortensja-ogrodowa-dlaczego-warto-ja-wybrac","status":"publish","type":"post","link":"https:\/\/lifestylerek.com\/hu\/hortenzia-kert-miert-erdemes-ez-az-ert\/","title":{"rendered":"Kerti hortenzia - mi\u00e9rt v\u00e1lasszuk?"},"content":{"rendered":"<p>Egy kert vonz\u00f3 megjelen\u00e9se sz\u00e1mos t\u00e9nyez\u0151t\u0151l f\u00fcgg. Nem csak az egyenletesen ny\u00edrt gyepr\u0151l \u00e9s az olyan bokrokr\u00f3l van sz\u00f3, mint a n\u00e9pszer\u0171 tuj\u00e1k vagy lucfeny\u0151k. Annak \u00e9rdek\u00e9ben, hogy a t\u00e9r szemet gy\u00f6ny\u00f6rk\u00f6dtet\u0151 legyen, \u00e9rdemes sz\u00ednes vir\u00e1gokat elhelyezni, amelyek eg\u00e9sz ny\u00e1ron vir\u00e1goznak, \u00e9s a z\u00f6ld n\u00f6v\u00e9nyzet k\u00f6z\u00f6tt \u00e9rv\u00e9nyes\u00fclnek. Fantasztikus v\u00e1laszt\u00e1s a kertbe a kerti hortenzia.<\/p>\n<h2><strong>Kerti hortenzia - mi\u00e9rt v\u00e1lasszuk?<\/strong><\/h2>\n<p>A hortenzia egy \u00c1zsi\u00e1b\u00f3l sz\u00e1rmaz\u00f3 cserje, amely \u00e1tlagosan k\u00f6r\u00fclbel\u00fcl 1,5 m\u00e9ter magasra n\u0151. Ez egy m\u00e9retes n\u00f6v\u00e9nyt tesz bel\u0151le, amely j\u00f3l kit\u00f6lti az \u00fcres tereket. Legnagyobb el\u0151nye a hatalmas, g\u00f6mb alak\u00fa, szemet gy\u00f6ny\u00f6rk\u00f6dtet\u0151 sz\u00edn\u0171 vir\u00e1gai. Eg\u00e9sz ny\u00e1ron, j\u00faniust\u00f3l augusztusig vir\u00e1gzik, \u00e9s a vir\u00e1gok eg\u00e9sz \u0151sszel a bokron maradnak.<\/p>\n<p>Ezt a n\u00f6v\u00e9nyt szokatlan vir\u00e1gai miatt \u00e9rdemes a kertbe \u00fcltetni. Sz\u00edn\u00fck a talaj reakci\u00f3j\u00e1t\u00f3l f\u00fcgg, \u00edgy ha szeretn\u00e9, saj\u00e1t \u00edzl\u00e9se szerint vari\u00e1lhatja \u0151ket. Ez a cserje b\u00e1rmilyen kertben j\u00f3l mutat: a modern \u00e9s jap\u00e1n, az angol \u00e9s a rusztikus st\u00edlusokt\u00f3l kezdve.<\/p>\n<p>Term\u00e9szetesen ennek a n\u00f6v\u00e9nynek vannak bizonyos k\u00f6vetelm\u00e9nyei. De nem neh\u00e9z biztos\u00edtani \u0151ket, \u00e9s a hortenzia vir\u00e1gainak l\u00e1tv\u00e1nya meg\u00e9ri a kis munk\u00e1t.<\/p>\n<p>Ez a cserje els\u0151sorban d\u00edsz\u00edt\u0151 funkci\u00f3t t\u00f6lt be. Szokatlan, rusztikus hangulatot k\u00f6lcs\u00f6n\u00f6z a kertnek. Kit\u00f6lti az \u00fcres helyeket, \u00e9s sz\u00ednt is ad. A hortenzia v\u00e1z\u00e1ban is gy\u00f6ny\u00f6r\u0171en mutat, \u00edgy ha ezt a n\u00f6v\u00e9nyt termeszted, id\u0151nk\u00e9nt lev\u00e1ghatod a sz\u00e1rakat, hogy d\u00edsz\u00edtsd az asztalodat vagy a szob\u00e1dat. Nagyra \u00e9rt\u00e9kelt d\u00edszn\u00f6v\u00e9ny, \u00e9s nagyon n\u00e9pszer\u0171.<\/p>\n<h2>Hortenzia k\u00f6vetelm\u00e9nyek<\/h2>\n<p>Ennek a cserj\u00e9nek vil\u00e1gos, meleg helyre van sz\u00fcks\u00e9ge. Ugyanakkor viszonylag \u00e1rny\u00e9kos \u00e9s enyhe f\u00e9l\u00e1rny\u00e9kban kell lennie. Az \u00f6tlet l\u00e9nyege, hogy a n\u00f6v\u00e9nyt ne tegy\u00fck ki nagyon er\u0151s napf\u00e9nynek. A hortenzia a term\u00e9keny, j\u00f3l t\u00e1pl\u00e1lt talajt kedveli. K\u00f6nny\u0171nek \u00e9s \u00e1lland\u00f3an nedvesnek kell lennie. Ez a cserje hat\u00e1rozottan nem szereti a sz\u00e1razs\u00e1got \u00e9s a sz\u00e1raz talajt.<\/p>\n<p>Ne feledje, hogy a hortenzi\u00e1kat rendszeresen \u00f6nt\u00f6zni kell. Ezt azonban nem szabad a nap k\u00f6zep\u00e9n (k\u00fcl\u00f6n\u00f6sen ny\u00e1ron), hanem csak este vagy kora reggel. A n\u00f6v\u00e9nyek napk\u00f6zbeni \u00f6nt\u00f6z\u00e9se, amikor a nap nagyon forr\u00f3, megperzseli \u0151ket, ez\u00e9rt ker\u00fclni kell.<\/p>\n<p>A hortenzi\u00e1t a b\u0151s\u00e9ges, er\u0151s vir\u00e1gz\u00e1s \u00e9s a j\u00f3 n\u00f6veked\u00e9s \u00e9rdek\u00e9ben meg kell metszeni. T\u00e9lire c\u00e9lszer\u0171 letakarni. Ha hideg lesz, nem biztos, hogy vir\u00e1gzik.<\/p>\n<h2>Megterm\u00e9keny\u00edt\u00e9s<\/h2>\n<p>A hortenzi\u00e1k, mint a legt\u00f6bb kerti d\u00edszn\u00f6v\u00e9ny, tr\u00e1gy\u00e1zva vir\u00e1goznak a legszebben. J\u00faniust\u00f3l j\u00faliusig a legjobb nitrog\u00e9nben gazdag m\u0171tr\u00e1gy\u00e1val tr\u00e1gy\u00e1zni, j\u00falius v\u00e9g\u00e9t\u0151l pedig foszfor- \u00e9s k\u00e1liumtartalm\u00fa m\u0171tr\u00e1gy\u00e1kat kell haszn\u00e1lni. A j\u00f3l felszerelt kert\u00e9szeti boltokban k\u00fcl\u00f6nf\u00e9le m\u0171tr\u00e1gy\u00e1kat tal\u00e1lhat, s\u0151t olyanokat is, amelyeket kiz\u00e1r\u00f3lag ennek a n\u00f6v\u00e9nyfajnak sz\u00e1nnak.<\/p>\n<p>A bokrot k\u00e9s\u0151bb ne tr\u00e1gy\u00e1zza meg. Kell, hogy legyen ideje felk\u00e9sz\u00fclni a t\u00e9lre, \u00e9s abbahagyni a b\u0151s\u00e9ges n\u00f6veked\u00e9st. Ez\u00e9rt szeptemberben m\u00e1r nem lehet tr\u00e1gy\u00e1zni a hortenzi\u00e1t.<\/p>\n<h2>Vir\u00e1gsz\u00edn - mit\u0151l f\u00fcgg?<\/h2>\n<p>A hortenzi\u00e1k feh\u00e9r, r\u00f3zsasz\u00edn, piros \u00e9s k\u00e9k sz\u00ednben is vir\u00e1gozhatnak. Gyakran a legk\u00edv\u00e1natosabb vir\u00e1gsz\u00edn a gy\u00f6ny\u00f6r\u0171 k\u00e9k sz\u00edn, az indig\u00f3, a m\u00e9lyk\u00e9k \u00e1rnyalat fel\u00e9 haladva. A vir\u00e1gok sz\u00edne a talaj reakci\u00f3j\u00e1t\u00f3l f\u00fcgg, amelyben a n\u00f6v\u00e9ny \u00e9l.<\/p>\n<p>A l\u00fagos talaj r\u00f3zsasz\u00edn \u00e9s piros vir\u00e1gokat hoz. Ahogy a savtartalom n\u00f6vekszik, a vir\u00e1gok sz\u00edne egyre k\u00e9kesebb lesz. Erre a c\u00e9lra szulf\u00e1t-amm\u00f3nium vagy szulf\u00e1t-k\u00e1lium m\u0171tr\u00e1gya haszn\u00e1lhat\u00f3. A k\u00e1lium- vagy alum\u00ednium-alum\u00ednium hasonl\u00f3 hat\u00e1st biztos\u00edt. Ne l\u00e9pje t\u00fal a 10-15 grammos adagot bokronk\u00e9nt.<\/p>\n<p>A t\u00fal l\u00fagos talaj a n\u00f6v\u00e9ny rendellenes fejl\u0151d\u00e9s\u00e9t okozhatja, \u00e9s k\u00e1ros\u00edthatja a leveleit, ez\u00e9rt ha r\u00f3zsasz\u00edn vagy piros sz\u00ednt szeretne, c\u00e9lszer\u0171, ha a pH-\u00e9rt\u00e9k nem haladja meg a 6,2-t. A magn\u00e9zium- vagy kalciumtr\u00e1gya biztos\u00edtja a l\u00fagos talajreakci\u00f3t.<\/p>\n<h2>A j\u00f3 talaj minden n\u00f6v\u00e9nytermeszt\u00e9s alapja<\/h2>\n<p>Vannak alacsony talajig\u00e9ny\u0171 n\u00f6v\u00e9nyek. A kerti n\u00f6v\u00e9nyek t\u00falnyom\u00f3 t\u00f6bbs\u00e9ge azonban j\u00f3 min\u0151s\u00e9g\u0171 talajt, tr\u00e1gy\u00e1z\u00e1st \u00e9s rendszeres \u00f6nt\u00f6z\u00e9st ig\u00e9nyel. Ez hat\u00e1ssal van a n\u00f6veked\u00e9s\u00fckre, vir\u00e1gz\u00e1sukra, s\u0151t m\u00e9g a sz\u00ednez\u00e9s\u00fck intenzit\u00e1s\u00e1ra is. Ez\u00e9rt nagyszer\u0171 l\u00e9p\u00e9s, ha komposztot szervezel a kertedben - lehet\u0151leg a saj\u00e1t komposzt\u00e1l\u00f3b\u00f3l.<\/p>\n<p>A komposzt fantasztikus tr\u00e1gya minden kerti n\u00f6v\u00e9ny sz\u00e1m\u00e1ra. Term\u00e9szetes, t\u00e1panyagokban gazdag \u00e9s teljesen ingyenes. Az \u00e9rt\u00e9kes tr\u00e1gya el\u0151\u00e1ll\u00edt\u00e1s\u00e1nak minden munk\u00e1j\u00e1t a komposzt\u00e1l\u00f3ban \u00e9l\u0151 f\u00f6ldigiliszt\u00e1k \u00e9s m\u00e1s kis organizmusok v\u00e9gzik. Komposztot kell haszn\u00e1lni mulcsoz\u00e1sra minden olyan helyen, ahol n\u00f6v\u00e9nyeket tervez termeszteni - a d\u00edszcserj\u00e9kt\u0151l kezdve az \u00e9vel\u0151k\u00f6n \u00e9s egyny\u00e1ri n\u00f6v\u00e9nyeken \u00e1t a z\u00f6lds\u00e9g- \u00e9s gy\u00fcm\u00f6lcscserj\u00e9kig.<\/p>\n<p>Ak\u00e1r maga is \u00e9p\u00edthet komposzt\u00e1l\u00f3t, \u00e9s mindenf\u00e9le szerves hullad\u00e9kot beletehet: v\u00e1gott sz\u00e1rakat, f\u00fcvet, \u00e1gakat, z\u00f6lds\u00e9gh\u00e9jat, gy\u00fcm\u00f6lcs\u00f6t vagy toj\u00e1sh\u00e9jat. Lehet kapni olyan speci\u00e1lis ind\u00edt\u00f3 k\u00e9sz\u00edtm\u00e9nyeket, amelyek bakt\u00e9riumokat tartalmaznak, amelyek felgyors\u00edtj\u00e1k az anyagcser\u00e9t.<\/p>","protected":false},"excerpt":{"rendered":"<p>Atrakcyjny wygl\u0105d ogrodu zale\u017cy od wielu czynnik\u00f3w. To nie tylko r\u00f3wno przystrzy\u017cony trawnik i przyci\u0119te krzewy w typie popularnych tuj czy \u015bwierk\u00f3w. Aby przestrze\u0144 prezentowa\u0142a si\u0119 przyjemnie dla oka, warto zadba\u0107 o kolorowe, kwitn\u0105ce ca\u0142e lato kwiaty, kt\u00f3re pi\u0119knie zaakcentuj\u0105 swoj\u0105 obecno\u015b\u0107 w\u015br\u00f3d zieleni. Fantastycznym wyborem ro\u015bliny do ogrodu jest hortensja ogrodowa. Hortensja ogrodowa &#8211; [&hellip;]<\/p>\n","protected":false},"author":2,"featured_media":721,"comment_status":"open","ping_status":"closed","sticky":false,"template":"","format":"standard","meta":{"inline_featured_image":false,"footnotes":""},"categories":[36,40],"tags":[50],"class_list":["post-720","post","type-post","status-publish","format-standard","has-post-thumbnail","hentry","category-dom","category-ogrod","tag-all"],"_links":{"self":[{"href":"https:\/\/lifestylerek.com\/hu\/wp-json\/wp\/v2\/posts\/720","targetHints":{"allow":["GET"]}}],"collection":[{"href":"https:\/\/lifestylerek.com\/hu\/wp-json\/wp\/v2\/posts"}],"about":[{"href":"https:\/\/lifestylerek.com\/hu\/wp-json\/wp\/v2\/types\/post"}],"author":[{"embeddable":true,"href":"https:\/\/lifestylerek.com\/hu\/wp-json\/wp\/v2\/users\/2"}],"replies":[{"embeddable":true,"href":"https:\/\/lifestylerek.com\/hu\/wp-json\/wp\/v2\/comments?post=720"}],"version-history":[{"count":0,"href":"https:\/\/lifestylerek.com\/hu\/wp-json\/wp\/v2\/posts\/720\/revisions"}],"wp:featuredmedia":[{"embeddable":true,"href":"https:\/\/lifestylerek.com\/hu\/wp-json\/wp\/v2\/media\/721"}],"wp:attachment":[{"href":"https:\/\/lifestylerek.com\/hu\/wp-json\/wp\/v2\/media?parent=720"}],"wp:term":[{"taxonomy":"category","embeddable":true,"href":"https:\/\/lifestylerek.com\/hu\/wp-json\/wp\/v2\/categories?post=720"},{"taxonomy":"post_tag","embeddable":true,"href":"https:\/\/lifestylerek.com\/hu\/wp-json\/wp\/v2\/tags?post=720"}],"curies":[{"name":"wp","href":"https:\/\/api.w.org\/{rel}","templated":true}]}}