{"id":1490,"date":"2023-01-30T22:20:53","date_gmt":"2023-01-30T22:20:53","guid":{"rendered":"https:\/\/lifestylerek.com\/?p=1490"},"modified":"2023-01-30T22:22:24","modified_gmt":"2023-01-30T22:22:24","slug":"nejmodnejsi-stylizace-pro-jaro-2023","status":"publish","type":"post","link":"https:\/\/lifestylerek.com\/lt\/nejmodnejsi-stylizace-pro-jaro-2023\/","title":{"rendered":"Nejm\u00f3dn\u011bj\u0161\u00ed stilizace pro jaro 2023"},"content":{"rendered":"<div class=\"do-not-translate\" data-no-auto-translation=\"\">\n<p>Ka\u017ed\u00e1 \u017eena chce na ja\u0159e vypadat dokonale. Pod\u00edvejte se proto na nejm\u00f3dn\u011bj\u0161\u00ed n\u00e1vrhy stylizac\u00ed pro nadch\u00e1zej\u00edc\u00ed sez\u00f3nu jaro 2023.<\/p>\n<h2>Cargo kalhoty<\/h2>\n<p>Mezi nejm\u00f3dn\u011bj\u0161\u00ed stylizace pro jaro 2023 pat\u0159\u00ed kompozice vytvo\u0159en\u00e9 s kalhotami typu cargo. Kalhoty tohoto typu maj\u00ed kapsy na\u0161it\u00e9 na boc\u00edch ve v\u00fd\u0161i stehen. Jejich st\u0159ih m\u016f\u017ee b\u00fdt bu\u010f vypasovan\u00fd, nebo voln\u00fd, tak\u017ee existuje mnoho mo\u017enost\u00ed, jak je stylizovat. Zkombinujte cargo kalhoty s metalick\u00fdmi jehlov\u00fdmi podpatky a kr\u00e1tk\u00fdm korzetov\u00fdm topem, kter\u00fd se dob\u0159e p\u0159izp\u016fsobuje t\u011blu. Kalhoty v takov\u00e9 stylizaci budou jist\u011b velmi n\u00e1padn\u00e9 a upoutaj\u00ed pozornost okol\u00ed.<\/p>\n<h2>D\u017e\u00ednov\u00fd total look<\/h2>\n<p>Dal\u0161\u00ed m\u00f3dn\u00ed volbou pro nadch\u00e1zej\u00edc\u00ed sez\u00f3nu je d\u017e\u00ednov\u00fd total look, kter\u00fd nepochybn\u011b zaujme ka\u017ed\u00e9ho. Doporu\u010dujeme kombinovat d\u017e\u00ednov\u00e9 kalhoty s ko\u0161il\u00ed ve stejn\u00e9m stylu. D\u017e\u00ednov\u00fd total look lze vytvo\u0159it tak\u00e9 pomoc\u00ed \u0161at\u016f z tohoto materi\u00e1lu. Celou stylizaci dokonale dopln\u00edte d\u017e\u00ednovou bundou. Doporu\u010dujeme zvolit materi\u00e1l s od\u011brkami, stejn\u011b jako ozdoby, jako jsou cvo\u010dky a kovov\u00e1 o\u010dka.<\/p>\n<h2>Kalhoty s n\u00edzk\u00fdm pasem<\/h2>\n<p>Skv\u011blou volbou pro jaro jsou tak\u00e9 kalhoty s n\u00edzk\u00fdm pasem, kter\u00e9 jsou u \u017een st\u00e1le obl\u00edben\u011bj\u0161\u00ed. Doporu\u010dujeme zejm\u00e9na kalhoty m\u00edrn\u011b voln\u011bj\u0161\u00edho st\u0159ihu, ve kter\u00fdch se budete c\u00edtit pohodln\u011b. Skv\u011ble budou vypadat s dob\u0159e padnouc\u00edm topem, kter\u00fd zv\u00fdrazn\u00ed siluetu. Je tak\u00e9 dobr\u00e9 sladit stylizaci se spr\u00e1vnou obuv\u00ed. Doporu\u010dujeme zejm\u00e9na\u00a0<a href=\"https:\/\/wojas.cz\/obuv-zeny-polobotky\" rel=\"noopener\"><b>d\u00e1msk\u00e9 polobotky<\/b><\/a>\u00a0v univerz\u00e1ln\u00edch barv\u00e1ch, jako je nap\u0159\u00edklad \u010dern\u00e1.<\/p>\n<h2>Ombre \u0161aty<\/h2>\n<p>Na ja\u0159e 2023 budou m\u00f3dn\u00ed stylizac\u00ed tak\u00e9 \u0161aty ve stylu ombre, kter\u00e9 budou plynule p\u0159ech\u00e1zet mezi dv\u011bma kontrastn\u00edmi barvami. Trend ombre v modern\u00ed verzi p\u016fsob\u00ed modern\u011b a minimalisticky. Doporu\u010duje se zejm\u00e9na volba \u0161at\u016f v tlumen\u00fdch barv\u00e1ch, nap\u0159\u00edklad v pastelov\u00fdch odst\u00ednech. Odv\u00e1\u017en\u00e9 \u017eeny mohou zvolit intenzivn\u011bj\u0161\u00ed kombinace, kter\u00e9 budou tak\u00e9 vypadat skv\u011ble. Krom\u011b \u0161at\u016f lze motiv ombre vyu\u017e\u00edt tak\u00e9 p\u0159i v\u00fdb\u011bru d\u00e1msk\u00e9ho obleku pro zvl\u00e1\u0161tn\u00ed p\u0159\u00edle\u017eitost.<\/p>\n<h2>Sukn\u011b p\u0159es kalhoty<\/h2>\n<p>Skute\u010dn\u00fdm hitem jarn\u00ed sez\u00f3ny je kombinace sukn\u011b nebo \u0161at\u016f s kalhotami. Kalhoty jsou velmi pohodlnou sou\u010d\u00e1st\u00ed d\u00e1msk\u00e9ho \u0161atn\u00edku, a proto je mnoho dam r\u00e1do nos\u00ed. M\u00f3dn\u00edm \u0159e\u0161en\u00edm je nosit p\u0159es kalhoty sukni, \u0161aty nebo vzdu\u0161nou tuniku. Doporu\u010dujeme volit prvky oble\u010den\u00ed, kter\u00e9 budou vyrobeny z podobn\u00fdch materi\u00e1l\u016f a v podobn\u00e9m nebo stejn\u00e9m barevn\u00e9m proveden\u00ed. T\u00edm zajist\u00edte, \u017ee cel\u00e1 stylizace bude soudr\u017en\u00e1 a jednotliv\u00e9 prvky budou vz\u00e1jemn\u011b korespondovat.<\/p>\n<h2>Metalick\u00e1 stylizace<\/h2>\n<p>Mezi nejlep\u0161\u00ed n\u00e1pady pro jarn\u00ed kompozice pat\u0159\u00ed tak\u00e9 stylizace vytvo\u0159en\u00e9 z metalick\u00fdch l\u00e1tek, kter\u00e9 jsou v dne\u0161n\u00ed dob\u011b u \u017een velmi obl\u00edben\u00e9. Metalick\u00e9 oble\u010den\u00ed lze nosit p\u0159i zvl\u00e1\u0161tn\u00edch p\u0159\u00edle\u017eitostech, ale st\u00e1le \u010dast\u011bji se vol\u00ed i pro ka\u017edodenn\u00ed no\u0161en\u00ed. Doporu\u010dujeme metalick\u00fd total look, kter\u00fd vytvo\u0159\u00edte nap\u0159\u00edklad pomoc\u00ed \u0161at\u016f nebo overalu. Metalick\u00e9 oble\u010den\u00ed v\u0161ak m\u016f\u017eete vyu\u017e\u00edt i k obohacen\u00ed ka\u017edodenn\u00ed stylizace. To je mimo jin\u00e9 umo\u017en\u011bno lesklou bundou.<\/p>\n<\/div>","protected":false},"excerpt":{"rendered":"<p>Ka\u017ed\u00e1 \u017eena chce na ja\u0159e vypadat dokonale. Pod\u00edvejte se proto na nejm\u00f3dn\u011bj\u0161\u00ed n\u00e1vrhy stylizac\u00ed pro nadch\u00e1zej\u00edc\u00ed sez\u00f3nu jaro 2023. Cargo kalhoty Mezi nejm\u00f3dn\u011bj\u0161\u00ed stylizace pro jaro 2023 pat\u0159\u00ed kompozice vytvo\u0159en\u00e9 s kalhotami typu cargo. Kalhoty tohoto typu maj\u00ed kapsy na\u0161it\u00e9 na boc\u00edch ve v\u00fd\u0161i stehen. Jejich st\u0159ih m\u016f\u017ee b\u00fdt bu\u010f vypasovan\u00fd, nebo voln\u00fd, tak\u017ee existuje [&hellip;]<\/p>\n","protected":false},"author":2,"featured_media":1491,"comment_status":"open","ping_status":"closed","sticky":false,"template":"","format":"standard","meta":{"inline_featured_image":false,"footnotes":""},"categories":[29],"tags":[52],"class_list":["post-1490","post","type-post","status-publish","format-standard","has-post-thumbnail","hentry","category-moda","tag-cs"],"_links":{"self":[{"href":"https:\/\/lifestylerek.com\/lt\/wp-json\/wp\/v2\/posts\/1490","targetHints":{"allow":["GET"]}}],"collection":[{"href":"https:\/\/lifestylerek.com\/lt\/wp-json\/wp\/v2\/posts"}],"about":[{"href":"https:\/\/lifestylerek.com\/lt\/wp-json\/wp\/v2\/types\/post"}],"author":[{"embeddable":true,"href":"https:\/\/lifestylerek.com\/lt\/wp-json\/wp\/v2\/users\/2"}],"replies":[{"embeddable":true,"href":"https:\/\/lifestylerek.com\/lt\/wp-json\/wp\/v2\/comments?post=1490"}],"version-history":[{"count":0,"href":"https:\/\/lifestylerek.com\/lt\/wp-json\/wp\/v2\/posts\/1490\/revisions"}],"wp:featuredmedia":[{"embeddable":true,"href":"https:\/\/lifestylerek.com\/lt\/wp-json\/wp\/v2\/media\/1491"}],"wp:attachment":[{"href":"https:\/\/lifestylerek.com\/lt\/wp-json\/wp\/v2\/media?parent=1490"}],"wp:term":[{"taxonomy":"category","embeddable":true,"href":"https:\/\/lifestylerek.com\/lt\/wp-json\/wp\/v2\/categories?post=1490"},{"taxonomy":"post_tag","embeddable":true,"href":"https:\/\/lifestylerek.com\/lt\/wp-json\/wp\/v2\/tags?post=1490"}],"curies":[{"name":"wp","href":"https:\/\/api.w.org\/{rel}","templated":true}]}}