{"id":711,"date":"2023-02-23T02:31:01","date_gmt":"2023-02-23T02:31:01","guid":{"rendered":"https:\/\/lifestylerek.pl\/?p=711"},"modified":"2023-02-23T02:31:01","modified_gmt":"2023-02-23T02:31:01","slug":"dzielnice-warszawy-wycieczka-do-stolicy-co-nalezy-zwiedzic","status":"publish","type":"post","link":"https:\/\/lifestylerek.com\/ro\/districts-warszawy-wycieczka-do-stolicy-co-nalezy-zwiedzic\/","title":{"rendered":"Districtele din Var\u0219ovia - o excursie \u00een capital\u0103, ce s\u0103 vizita\u021bi?"},"content":{"rendered":"<p>Var\u0219ovia este capitala Poloniei din 1592, c\u00e2nd, dup\u0103 incendiul de la Castelul Wawel, regele Sigismund al III-lea Vasa a mutat aici sediul puterii regale, institu\u021biile. O curiozitate pe care pu\u021bini oameni o cunosc este faptul c\u0103 Var\u0219ovia a devenit oficial capital\u0103 abia \u00een 1952, c\u00e2nd pre\u0219edinte era Boles\u0142aw Bierut. Pre\u0219edintele comunist poate fi judecat \u00een diferite moduri, dar a f\u0103cut multe pentru Var\u0219ovia \u0219i pentru reconstruc\u021bia acesteia, \u00een ciuda faptului c\u0103, \u00een calitate de marxist, nu a fost de acord cu reconstruc\u021bia Castelului Regal. Pu\u021bini \u0219tiu c\u0103 fiica \"tovar\u0103\u0219ului Thomas\". Krystyna Bierut- Maminajszwili a participat activ la Revolta de la Var\u0219ovia.<\/p>\n<h2><strong>C\u00e2te districte are Var\u0219ovia?\u00a0<\/strong><\/h2>\n<p>Var\u0219ovia este un municipiu cu statut de ora\u0219 cu drepturi de jude\u021b, capitala fiind format\u0103 din 18 districte. Fiecare dintre cartierele capitalei \u0219i-a p\u0103strat caracterul propriu,\u00a0<strong>cartierele din Var\u0219ovia<\/strong>\u00a0acestea sunt: Bemowo, Bia\u0142o\u0142\u0119ka, Bielany, Mokot\u00f3w, Ochota, Praga Po\u0142udnie, Praga P\u00f3\u0142noc, Rembert\u00f3w, \u015ar\u00f3dmie\u015bcie, Targ\u00f3wek, Ursus, Ursyn\u00f3w, Wawer, Weso\u0142a, Wilan\u00f3w, W\u0142ochy, Wola, \u017boliborz. Exist\u0103 multe p\u0103reri negative despre Praga-Nord, dar este un cartier cu o istorie care merit\u0103 explorat\u0103. \u00cen perioada imediat urm\u0103toare celui de-al Doilea R\u0103zboi Mondial, \u00een zona Praga-Nord a existat o re\u021bea de \u00eenchisori ale Ministerului Securit\u0103\u021bii Publice, care au fost \u00eenfiin\u021bate \u00een temeiul a\u0219a-numitului Manifest din iulie al Comitetului polonez de eliberare na\u021bional\u0103. C\u00e2t timp v\u0103 afla\u021bi \u00een Praga de Nord, merit\u0103 s\u0103 vizita\u021bi Muzeul solda\u021bilor, fo\u0219tilor sclavi \u0219i prizonieri politici ai Republicii Populare Polone, care se afl\u0103 pe strada Strzelecka nr. 8. Centrul ora\u0219ului este, de asemenea, considerat un loc periculos de c\u0103tre var\u0219oveni \u0219i trebuie s\u0103 fi\u021bi cu siguran\u021b\u0103 aten\u021bi, deoarece unele locuri, cum ar fi \"patelnia\", o pia\u021b\u0103 situat\u0103 l\u00e2ng\u0103 intrarea \u00een centrul metroului, sunt \u00eentotdeauna haotice \u0219i dezordonate. Cel mai mic district este Ursus, cu o suprafa\u021b\u0103 de pu\u021bin peste 9 km p\u0103tra\u021bi, \u00een timp ce Weso\u0142a a primit drepturi de ora\u0219 cel mai t\u00e2rziu \u00een 2002. Istoricii subliniaz\u0103 c\u0103 istoria Var\u0219oviei dateaz\u0103 de la \u00eenceputul secolelor al XII-lea \u0219i al XIII-lea, c\u00e2nd a fost \u00eenfiin\u021bat conacul prin\u021bilor Mazoviani, Jazd\u00f3w, care ast\u0103zi se nume\u0219te Ujazd\u00f3w. Cel mai mare district din Var\u0219ovia este Wawer, care se \u00eentinde pe o suprafa\u021b\u0103 de 79,7 kilometri p\u0103tra\u021bi. Capitala Poloniei g\u0103zduie\u0219te cel mai mare num\u0103r de persoane care fac parte din grupul celor mai boga\u021bi o sut\u0103 de polonezi. Var\u0219ovia este \u00eenc\u0103 un loc \u00een care perspectivele de a face o carier\u0103 interna\u021bional\u0103 sunt mult mai mari dec\u00e2t \u00een alte ora\u0219e poloneze, datorit\u0103 faptului c\u0103 aici se afl\u0103 cel mai mare num\u0103r de corpora\u021bii, de \u00eentreprinderi mari.<\/p>\n<h2>Merit\u0103 s\u0103 locuie\u0219ti \u00een Var\u0219ovia \u0219i unde?<\/h2>\n<p>Var\u0219ovia este un ora\u0219 al dezvolt\u0103rii \u0219i al numeroaselor oportunit\u0103\u021bi, unde sunt \u00eenc\u0103 disponibile cele mai bune \u0219anse pentru o carier\u0103 profesional\u0103. Nu este de mirare c\u0103 capitala atrage ca un magnet oameni din toat\u0103 \u021bara. De\u0219i costul vie\u021bii este ridicat, acesta este compensat de salariile mari, pe care cei care locuiesc \u00een alte centre urbane nu se pot baza de obicei. S\u0103 locuie\u0219ti \u00een capital\u0103 este convenabil, deoarece po\u021bi folosi o serie de servicii f\u0103r\u0103 s\u0103 pleci de acas\u0103, iar majoritatea lucrurilor pot fi comandate. Mul\u021bi oameni care vin \u00een Var\u0219ovia din ora\u0219e mai mici subliniaz\u0103 c\u0103 capitala poate fi un pic cople\u0219itoare la \u00eenceput. \u00cen Var\u0219ovia, v\u0103 pute\u021bi petrece timpul liber profit\u00e2nd de bogata ofert\u0103 cultural\u0103, deoarece aici se afl\u0103 majoritatea muzeelor notabile, pute\u021bi participa la serate literare, v\u0103 pute\u021bi bucura de oferta celor mai bune \u0219i apreciate cafenele sau pute\u021bi merge la petreceri de dans. Orice pasionat de istorie va fi cu siguran\u021b\u0103 mul\u021bumit, deoarece pute\u021bi explora multe locuri interesante, aici se afl\u0103 Muzeul Revoltei din Var\u0219ovia, Cetatea se dezvolt\u0103 dinamic, acolo se construiesc o serie de muzee foarte moderne, \u00een capital\u0103 se afl\u0103 \u0219i Muzeul Frederic Chopin, deci putem spune c\u0103 capitala se va dovedi a fi o solu\u021bie satisf\u0103c\u0103toare din toate punctele de vedere. \u00cenainte de a v\u0103 decide s\u0103 locui\u021bi \u00een Var\u0219ovia, ar trebui s\u0103 v\u0103 g\u00e2ndi\u021bi dac\u0103 ve\u021bi putea face naveta la locul de munc\u0103 de unde ve\u021bi locui. Dac\u0103 v\u0103 decide\u021bi s\u0103 locui\u021bi \u00een Bia\u0142o\u0142\u0119ka, va fi mai bine s\u0103 v\u0103 deplasa\u021bi cu ma\u0219ina, deoarece transportul cu autobuzul, transportul public func\u021bioneaz\u0103 diferit aici. \u00cen cazul \u00een care nu ave\u021bi o ma\u0219in\u0103, ar fi bine s\u0103 locui\u021bi \u00een apropierea unei linii de metrou, deoarece aceasta este o solu\u021bie excelent\u0103 pentru a v\u0103 deplasa \u00een capital\u0103.<\/p>\n<h2>Ce progrese au fost \u00eenregistrate \u00een ceea ce prive\u0219te construc\u021bia liniei de metrou?<\/h2>\n<p>Sistemul de metrou din Var\u0219ovia se extinde \u00een mod dinamic. Se vorbe\u0219te despre deschiderea unor noi tronsoane ale celei de-a doua linii de metrou, care ar urma s\u0103 creeze o leg\u0103tur\u0103 de transport cu Bemowo \u0219i Br\u00f3dno. Se poate spune c\u0103 extinderea metroului din Var\u0219ovia a fost una dintre priorit\u0103\u021bile stabilite de primarul Var\u0219oviei, Rafa\u0142 Trzaskowski. Un metrou modern \u0219i complet extins va face din Var\u0219ovia un ora\u0219 modern \u0219i complet european. Dac\u0103 cele dou\u0103 noi sec\u021biuni men\u021bionate mai sus vor fi deschise cu succes, linia II va avea 19 km. \u0219i 18 sta\u021bii. Dup\u0103 acest succes, tot ce va mai r\u0103m\u00e2ne de f\u0103cut este s\u0103 parcurgem o por\u021biune de 4 km p\u00e2n\u0103 la Karolin.<\/p>\n<p>&nbsp;<\/p>","protected":false},"excerpt":{"rendered":"<p>Warszawa funkcjonuje jako stolica Polski od 1592r., kiedy to po po\u017carze Zamku na Wawelu, kr\u00f3l Zygmunt III Waza przeni\u00f3s\u0142 tutaj siedzib\u0119 w\u0142adzy kr\u00f3lewskiej, instytucje. Ciekawostk\u0105 o kt\u00f3rej wiedz\u0105 jedynie nieliczni jest fakt, \u017ce Warszawa uzyska\u0142a formalny zapis o sto\u0142eczno\u015bci dopiero w 1952r., kiedy to prezydentem by\u0142 Boles\u0142aw Bierut. Mo\u017cna dzi\u015b r\u00f3\u017cnie ocenia\u0107 komunistycznego prezydenta, jednak [&hellip;]<\/p>\n","protected":false},"author":2,"featured_media":712,"comment_status":"open","ping_status":"closed","sticky":false,"template":"","format":"standard","meta":{"inline_featured_image":false,"footnotes":""},"categories":[33],"tags":[50],"class_list":["post-711","post","type-post","status-publish","format-standard","has-post-thumbnail","hentry","category-podroze","tag-all"],"_links":{"self":[{"href":"https:\/\/lifestylerek.com\/ro\/wp-json\/wp\/v2\/posts\/711","targetHints":{"allow":["GET"]}}],"collection":[{"href":"https:\/\/lifestylerek.com\/ro\/wp-json\/wp\/v2\/posts"}],"about":[{"href":"https:\/\/lifestylerek.com\/ro\/wp-json\/wp\/v2\/types\/post"}],"author":[{"embeddable":true,"href":"https:\/\/lifestylerek.com\/ro\/wp-json\/wp\/v2\/users\/2"}],"replies":[{"embeddable":true,"href":"https:\/\/lifestylerek.com\/ro\/wp-json\/wp\/v2\/comments?post=711"}],"version-history":[{"count":0,"href":"https:\/\/lifestylerek.com\/ro\/wp-json\/wp\/v2\/posts\/711\/revisions"}],"wp:featuredmedia":[{"embeddable":true,"href":"https:\/\/lifestylerek.com\/ro\/wp-json\/wp\/v2\/media\/712"}],"wp:attachment":[{"href":"https:\/\/lifestylerek.com\/ro\/wp-json\/wp\/v2\/media?parent=711"}],"wp:term":[{"taxonomy":"category","embeddable":true,"href":"https:\/\/lifestylerek.com\/ro\/wp-json\/wp\/v2\/categories?post=711"},{"taxonomy":"post_tag","embeddable":true,"href":"https:\/\/lifestylerek.com\/ro\/wp-json\/wp\/v2\/tags?post=711"}],"curies":[{"name":"wp","href":"https:\/\/api.w.org\/{rel}","templated":true}]}}