{"id":1464,"date":"2023-01-20T21:43:13","date_gmt":"2023-01-20T21:43:13","guid":{"rendered":"https:\/\/lifestylerek.com\/?p=1464"},"modified":"2023-01-20T21:47:37","modified_gmt":"2023-01-20T21:47:37","slug":"klaudia-halejcio-co-o-niej-wiemy","status":"publish","type":"post","link":"https:\/\/lifestylerek.com\/sk\/claudia-halejci-co-vieme\/","title":{"rendered":"Klaudia Halejcio - \u010do o nej vieme?"},"content":{"rendered":"<p style=\"text-align: justify;\">Hoci m\u00e1 len 32 rokov, m\u00e1 za sebou u\u017e 25 rokov hereck\u00fdch sk\u00fasenost\u00ed! Za\u010d\u00ednala v kultovej po\u013eskej telenovele a potom stv\u00e1rnila viac ako desa\u0165 \u00faloh v seri\u00e1loch, filmoch a telev\u00edznych filmoch. Dnes je nielen zn\u00e1mou a ob\u013e\u00fabenou here\u010dkou, ale aj jednou z najpopul\u00e1rnej\u0161\u00edch po\u013esk\u00fdch influenceriek.<\/p>\n<h2 style=\"text-align: justify;\">Zo Zlotopol\u00edc do Giereka<\/h2>\n<p style=\"text-align: justify;\">Klaudia Halejcio sa narodila 13. septembra 1990 vo Var\u0161ave. M\u00e1 o desa\u0165 rokov star\u0161iu sestru, ktor\u00e1 u\u017e dlh\u00e9 roky \u017eije v zahrani\u010d\u00ed. Svoje prv\u00e9 kroky na divadelnom javisku urobila vo veku \u0161tyroch rokov v predstaven\u00ed\u00a0<em>Oslava<\/em>. Od roku 2003 \u00fa\u010dinkovala v\u00a0<em>Zlotopolski<\/em>, kde hrala And\u017celicu, odhodlan\u00e9 diev\u010da, ktor\u00e9 dok\u00e1zalo vyvola\u0165 rozruch v celej dedine. V roku 2009 debutovala na ve\u013ekom pl\u00e1tne vo filme\u00a0<em>Popieluszko. Sloboda je v n\u00e1s.\u00a0<\/em>Objavila sa vo viacer\u00fdch po\u013esk\u00fdch seri\u00e1loch v epiz\u00f3dnych \u00faloh\u00e1ch, div\u00e1ci ju mohli vidie\u0165 okrem in\u00e9ho v.\u00a0<em>Plebania, Kasi i Tomek, Na dobre i na z\u0142e\u00a0<\/em>alebo\u00a0<em>Otec Matthew.<\/em>\u00a0Medzi najd\u00f4le\u017eitej\u0161ie filmy jej kari\u00e9ry patria\u00a0<em>Posledn\u00e1 min\u00fata<\/em>\u00a0r\u00e9\u017eia: Patryk Vega,\u00a0<em>7 vec\u00ed, ktor\u00e9 neviete o mu\u017eoch<\/em><em>, Hist\u00f3ria obce Roja\u00a0<\/em>alebo\u00a0<em>Krime pr\u00edbeh. L\u00e1ska strory\u00a0<\/em>Michal Wegrzyn. Halejciovou v\u00e1\u0161\u0148ou je tanec a jej schopnosti sme mohli obdivova\u0165 v programoch\u00a0<em>Tanec s hviezdami. Tanec s hviezdami\u00a0<\/em>a\u00a0<em>Tanec Tanec Tanec Tanec Tanec.\u00a0<\/em>V prvom programe sa Halejciov\u00e1 umiestnila na \u0161tvrtom mieste a v druhom, v ktorom bola v p\u00e1re s Paulinou Krupi\u0144skou, na piatom mieste. Ist\u00fd \u010das \u0161tudovala soci\u00e1lnu psychol\u00f3giu na SWPS, ale \u0161t\u00fadium nedokon\u010dila. Dva roky bola vo vz\u0165ahu s Tomaszom Bara\u0144sk\u00fdm, tane\u010dn\u00edkom, s ktor\u00fdm sa zozn\u00e1mila na nat\u00e1\u010dan\u00ed filmu\u00a0<em>Tanec s hviezdami.<\/em>\u00a0V s\u00fa\u010dasnosti \u017eije vo Var\u0161ave so svojou dvojro\u010dnou dc\u00e9rou a partnerom Oskarom Wojciechowsk\u00fdm, ktor\u00fd je podnikate\u013eom a synom J\u00f3zefa Wojeciechowsk\u00e9ho, majite\u013ea jednej z najv\u00e4\u010d\u0161\u00edch po\u013esk\u00fdch developersk\u00fdch spolo\u010dnost\u00ed. P\u00e1r je spolu od roku 2020.<\/p>\n<h2 style=\"text-align: justify;\">Najd\u00f4le\u017eitej\u0161ia \u00faloha v \u017eivote<\/h2>\n<p style=\"text-align: justify;\">14. febru\u00e1ra 2021 pridala celebrita na svoj profil na Instagrame romantick\u00fd pr\u00edspevok. Obklopen\u00ed \u010derven\u00fdmi bal\u00f3nmi si prezeraj\u00fa ultrazvukov\u00e9 fotografie so svoj\u00edm milovan\u00fdm mu\u017eom a na titulke st\u00e1lo: \"Na t\u00fato \u00falohu som \u010dakal cel\u00fd \u017eivot!\". \u0160\u0165astn\u00e1 Claudia sa so svojimi fan\u00fa\u0161ikmi podelila o spr\u00e1vu, \u017ee sa \u010doskoro stane mamou. Odvtedy venuje ve\u013ea priestoru na svojich soci\u00e1lnych sie\u0165ach t\u00e9mam tehotenstva a materstva. O dva t\u00fd\u017edne nesk\u00f4r tie\u017e na Instagrame ozn\u00e1mila, \u017ee sa jej narod\u00ed diev\u010datko. \u0160\u0165astn\u00fd p\u00f4rod sa uskuto\u010dnil 7. j\u00fana 2021. Here\u010dka sa rozhodla pochv\u00e1li\u0165 b\u00e1b\u00e4tkom na internete. \u010casto ju chv\u00e1lili za to, \u017ee otvorene hovorila o tom, ako sa jej telo zmenilo po\u010das tehotenstva a po p\u00f4rode,<br \/>\na tie\u017e na predv\u00e1dzanie jej prirodzen\u00fdch fotografi\u00ed. Po p\u00f4rode sa nechcela r\u00fdchlo vr\u00e1ti\u0165 k n\u00e1ro\u010dn\u00e9mu herectvu na javisku a v telev\u00edznych seri\u00e1loch, ale dokonale sa na\u0161la v \u00falohe influencerky.<\/p>\n<h2 style=\"text-align: justify;\">Hviezda obrazovky a hviezda internetu<\/h2>\n<p style=\"text-align: justify;\">Klaudia Halejcio si ve\u013emi dobre na\u0161la cestu do virtu\u00e1lnej reality. Jej \u00fa\u010det na Instagrame v s\u00fa\u010dasnosti sleduje viac ako 700 000 \u013eud\u00ed a na tik toku m\u00e1 takmer 400 000 sledovate\u013eov. Zdie\u013ea svoj ka\u017edodenn\u00fd \u017eivot online, ukazuje, ako kombinuje svoju pr\u00e1cu here\u010dky s \u00falohou mladej matky, a zdie\u013ea mno\u017estvo kr\u00e1tkych komedi\u00e1lnych vide\u00ed, v ktor\u00fdch vtipkuje o sebe a v\u00fdzvach materstva. T\u00e1to celebrita sa tie\u017e netaj\u00ed svojou l\u00e1skou k luxusn\u00fdm veciam a rada sa pochv\u00e1li t\u00fdm, \u010do m\u00e1 vo svojom \u0161atn\u00edku, kuchyni a k\u00fape\u013eni. Jej dom v Ursynove m\u00e1 viac ako 500 metrov a here\u010dka sama priznala, \u017ee st\u00e1l 9 mili\u00f3nov zlot\u00fdch a m\u00e1 mramorov\u00e9 podlahy. Za svoju komedi\u00e1lnu tvorbu bola viackr\u00e1t kritizovan\u00e1 a okrem in\u00e9ho jej vy\u010d\u00edtali, \u017ee zosmie\u0161\u0148uje a ur\u00e1\u017ea \u013eud\u00ed s postihnut\u00edm alebo du\u0161evn\u00fdmi poruchami. Halejcio sa t\u00fdmito tvrdeniami nezaoberal. Ned\u00e1vno sa Klaudia priznala, \u017ee pl\u00e1nuje schudn\u00fa\u0165 nieko\u013eko k\u00edl, preto\u017ee je \"uleten\u00e1\". Toto priznanie sa nestretlo s pozit\u00edvnym ohlasom u pou\u017e\u00edvate\u013eov internetu, ktor\u00ed uviedli, \u017ee \u010dlovek, ktor\u00fd je idolom dospievaj\u00facich diev\u010dat, v nich m\u00f4\u017ee tak\u00fdmito slovami vzbudzova\u0165 komplexy. Napriek svojej ve\u013emi peknej postave sa here\u010dka nedok\u00e1\u017ee akceptova\u0165.<\/p>\n<h2 style=\"text-align: justify;\">Nielen matka<\/h2>\n<p style=\"text-align: justify;\">Napriek tomu, \u017ee materstvo je pre Klaudiu Halejcov\u00fa najd\u00f4le\u017eitej\u0161ou \u017eivotnou rolou a v\u010faka rozvinut\u00fdm soci\u00e1lnym sie\u0165am by mohla bez probl\u00e9mov pracova\u0165 z domu, hviezda sa rozhodla vr\u00e1ti\u0165 ku kore\u0148om a nepresta\u0165 s hereckou pr\u00e1cou. V roku 2022 boli do k\u00edn uveden\u00e9 tri filmy, v ktor\u00fdch hrala (<em>Krime pr\u00edbeh. Love story, Gierek, \u0160\u0165astie prich\u00e1dza vo dvojici)<\/em>a fan\u00fa\u0161ikovia ju mohli vidie\u0165 v nieko\u013ek\u00fdch divadeln\u00fdch predstaveniach, s ktor\u00fdmi cestuje po celom Po\u013esku. St\u00e1le spolupracuje s divadlom Komedia a v s\u00fa\u010dasnosti hr\u00e1 v predstaveniach\u00a0<em>S\u00fakromn\u00e1 klinika,<\/em>\u00a0kde hr\u00e1 \u00falohu Anny,<em>\u00a0Mu\u017e dvoch \u0161\u00e9fov\u00a0<\/em>a\u00a0<em>Man\u017eelka je potrebn\u00e1 okam\u017eite.\u00a0<\/em>Napriek ur\u010dit\u00fdm kontroverzi\u00e1m, ktor\u00e9 sprev\u00e1dzaj\u00fa jej aktivity na internete, Klaudia Halejcio zost\u00e1va jednou z najzn\u00e1mej\u0161\u00edch a najob\u013e\u00fabenej\u0161\u00edch po\u013esk\u00fdch celebr\u00edt, o \u010dom sved\u010d\u00ed ve\u013ek\u00fd z\u00e1ujem o jej \u00fa\u010dty na Instagrame a v sieti tic-tac-toe a mno\u017estvo zna\u010diek, ktor\u00e9 s \u0148ou chc\u00fa spolupracova\u0165.<\/p>","protected":false},"excerpt":{"rendered":"<p>Chocia\u017c ma dopiero 32 lata to w wyst\u0119pach aktorskich ma ju\u017c 25 lat do\u015bwiadczenia! Zaczyna\u0142a w kultowej polskiej telenoweli, a potem zrealizowa\u0142a ponad dziesi\u0119\u0107 r\u00f3l zar\u00f3wno w serialach jak i filmach kinowych i telewizyjnych. Dzi\u015b jest nie tylko znan\u0105 i lubiona aktork\u0105, ale te\u017c jedn\u0105 z najpopularniejszych polskich influencerek. Od Z\u0142otopolic do Gierka Klaudia Halejcio [&hellip;]<\/p>\n","protected":false},"author":2,"featured_media":1465,"comment_status":"open","ping_status":"closed","sticky":false,"template":"","format":"standard","meta":{"inline_featured_image":false,"footnotes":""},"categories":[41],"tags":[50],"class_list":["post-1464","post","type-post","status-publish","format-standard","has-post-thumbnail","hentry","category-kultura","tag-all"],"_links":{"self":[{"href":"https:\/\/lifestylerek.com\/sk\/wp-json\/wp\/v2\/posts\/1464","targetHints":{"allow":["GET"]}}],"collection":[{"href":"https:\/\/lifestylerek.com\/sk\/wp-json\/wp\/v2\/posts"}],"about":[{"href":"https:\/\/lifestylerek.com\/sk\/wp-json\/wp\/v2\/types\/post"}],"author":[{"embeddable":true,"href":"https:\/\/lifestylerek.com\/sk\/wp-json\/wp\/v2\/users\/2"}],"replies":[{"embeddable":true,"href":"https:\/\/lifestylerek.com\/sk\/wp-json\/wp\/v2\/comments?post=1464"}],"version-history":[{"count":0,"href":"https:\/\/lifestylerek.com\/sk\/wp-json\/wp\/v2\/posts\/1464\/revisions"}],"wp:featuredmedia":[{"embeddable":true,"href":"https:\/\/lifestylerek.com\/sk\/wp-json\/wp\/v2\/media\/1465"}],"wp:attachment":[{"href":"https:\/\/lifestylerek.com\/sk\/wp-json\/wp\/v2\/media?parent=1464"}],"wp:term":[{"taxonomy":"category","embeddable":true,"href":"https:\/\/lifestylerek.com\/sk\/wp-json\/wp\/v2\/categories?post=1464"},{"taxonomy":"post_tag","embeddable":true,"href":"https:\/\/lifestylerek.com\/sk\/wp-json\/wp\/v2\/tags?post=1464"}],"curies":[{"name":"wp","href":"https:\/\/api.w.org\/{rel}","templated":true}]}}