{"id":711,"date":"2023-02-23T02:31:01","date_gmt":"2023-02-23T02:31:01","guid":{"rendered":"https:\/\/lifestylerek.pl\/?p=711"},"modified":"2023-02-23T02:31:01","modified_gmt":"2023-02-23T02:31:01","slug":"dzielnice-warszawy-wycieczka-do-stolicy-co-nalezy-zwiedzic","status":"publish","type":"post","link":"https:\/\/lifestylerek.com\/sk\/okresy-warszawy-wycieczka-do-stolicy-co-nalezy-zwiedzic\/","title":{"rendered":"Var\u0161avsk\u00e9 \u0161tvrte - v\u00fdlet do hlavn\u00e9ho mesta, \u010do nav\u0161t\u00edvi\u0165?"},"content":{"rendered":"<p>Var\u0161ava je hlavn\u00fdm mestom Po\u013eska od roku 1592, ke\u010f sem kr\u00e1\u013e \u017digmund III. Vaza po po\u017eiari hradu Wawel presunul s\u00eddlo kr\u00e1\u013eovskej moci, in\u0161tit\u00facie. Zauj\u00edmavos\u0165ou, o ktorej vie len m\u00e1lo \u013eud\u00ed, je skuto\u010dnos\u0165, \u017ee Var\u0161ava sa ofici\u00e1lne stala hlavn\u00fdm mestom a\u017e v roku 1952, ke\u010f bol prezidentom Boleslav Bierut. Komunistick\u00e9ho prezidenta mo\u017eno hodnoti\u0165 r\u00f4zne, ale pre Var\u0161avu a jej rekon\u0161trukciu urobil ve\u013ea napriek tomu, \u017ee ako marxista nes\u00fahlasil s rekon\u0161trukciou Kr\u00e1\u013eovsk\u00e9ho z\u00e1mku. M\u00e1lokto vie, \u017ee dc\u00e9ra \"s\u00fadruha Tom\u00e1\u0161a\". Krystyna Bierut- Maminajszwili sa akt\u00edvne z\u00fa\u010dastnila na Var\u0161avskom povstan\u00ed.<\/p>\n<h2><strong>Ko\u013eko okresov m\u00e1 Var\u0161ava?\u00a0<\/strong><\/h2>\n<p>Var\u0161ava je obec so \u0161tat\u00fatom mesta s pr\u00e1vami \u017eupy, hlavn\u00e9 mesto sa sklad\u00e1 z 18 mestsk\u00fdch \u010dast\u00ed. Ka\u017ed\u00e1 zo \u0161tvrt\u00ed hlavn\u00e9ho mesta si zachovala svoj vlastn\u00fd charakter,\u00a0<strong>\u0161tvrte Var\u0161avy<\/strong>\u00a0s\u00fa to: Bemowo, Bia\u0142o\u0142\u0119ka, Bielany, Mokot\u00f3w, Ochota, Praga Po\u0142udnie, Praga P\u00f3\u0142noc, Rembert\u00f3w, \u015ar\u00f3dmie\u015bcie, Targ\u00f3wek, Ursus, Ursyn\u00f3w, Wawer, Weso\u0142a, Wilan\u00f3w, W\u0142ochy, Wola, \u017boliborz. Na Prahu-Sever je ve\u013ea negat\u00edvnych n\u00e1zorov, ale je to \u0161tvr\u0165 s hist\u00f3riou, ktor\u00fa sa oplat\u00ed presk\u00fama\u0165. V obdob\u00ed tesne po druhej svetovej vojne sa v okrese Praga-Sever nach\u00e1dzala sie\u0165 v\u00e4zn\u00edc Ministerstva verejnej bezpe\u010dnosti, ktor\u00e9 boli zriaden\u00e9 na z\u00e1klade tzv. j\u00falov\u00e9ho manifestu Po\u013esk\u00e9ho v\u00fdboru n\u00e1rodn\u00e9ho oslobodenia. Po\u010das pobytu v severnej Prahe sa oplat\u00ed nav\u0161t\u00edvi\u0165 M\u00fazeum vojakov, b\u00fdval\u00fdch otrokov a politick\u00fdch v\u00e4z\u0148ov Po\u013eskej \u013eudovej republiky, ktor\u00e9 sa nach\u00e1dza na ulici Strzelecka 8. Centrum mesta je Var\u0161av\u010danmi pova\u017eovan\u00e9 aj za nebezpe\u010dn\u00e9 miesto a rozhodne by ste mali by\u0165 opatrn\u00ed, preto\u017ee niektor\u00e9 miesta, ako napr\u00edklad \"patelnia\", n\u00e1mestie nach\u00e1dzaj\u00face sa pri vstupe do centra metra, s\u00fa v\u017edy chaotick\u00e9 a neporiadne. Najmen\u0161\u00edm okresom je Ursus, ktor\u00fd m\u00e1 rozlohu nie\u010do vy\u0161e 9 km \u0161tvorcov\u00fdch, zatia\u013e \u010do Weso\u0142a z\u00edskala mestsk\u00e9 pr\u00e1va najnesk\u00f4r v roku 2002. Historici poukazuj\u00fa na to, \u017ee hist\u00f3ria Var\u0161avy siaha do prelomu 12. a 13. storo\u010dia, ke\u010f bolo zalo\u017een\u00e9 panstvo mazovsk\u00fdch knie\u017eat Jazd\u00f3w, ktor\u00e9 sa dnes naz\u00fdva Ujazd\u00f3w. Najv\u00e4\u010d\u0161ou \u0161tvr\u0165ou Var\u0161avy je Wawer s rozlohou 79,7 km2. V hlavnom meste Po\u013eska \u017eije najviac \u013eud\u00ed, ktor\u00ed patria do skupiny sto najbohat\u0161\u00edch Poliakov. Var\u0161ava je st\u00e1le miestom, kde s\u00fa vyhliadky na medzin\u00e1rodn\u00fa kari\u00e9ru ove\u013ea vy\u0161\u0161ie ako v in\u00fdch po\u013esk\u00fdch mest\u00e1ch, preto\u017ee tu s\u00eddli najv\u00e4\u010d\u0161\u00ed po\u010det korpor\u00e1ci\u00ed a ve\u013ek\u00fdch podnikov.<\/p>\n<h2>Oplat\u00ed sa \u017ei\u0165 vo Var\u0161ave a kde?<\/h2>\n<p>Var\u0161ava je mesto rozvoja a mnoh\u00fdch pr\u00edle\u017eitost\u00ed, kde s\u00fa st\u00e1le k dispoz\u00edcii najlep\u0161ie mo\u017enosti pre profesion\u00e1lnu kari\u00e9ru. Niet divu, \u017ee hlavn\u00e9 mesto pri\u0165ahuje \u013eud\u00ed z celej krajiny ako magnet. Hoci s\u00fa \u017eivotn\u00e9 n\u00e1klady vysok\u00e9, kompenzuj\u00fa ich vysok\u00e9 platy, s ktor\u00fdmi \u013eudia \u017eij\u00faci v in\u00fdch mestsk\u00fdch centr\u00e1ch zvy\u010dajne nem\u00f4\u017eu po\u010d\u00edta\u0165. \u017divot v hlavnom meste je pohodln\u00fd, preto\u017ee m\u00f4\u017eete vyu\u017e\u00edva\u0165 mno\u017estvo slu\u017eieb bez toho, aby ste museli opusti\u0165 domov, a v\u00e4\u010d\u0161inu vec\u00ed si m\u00f4\u017eete objedna\u0165. Mnoh\u00ed \u013eudia, ktor\u00ed prich\u00e1dzaj\u00fa do Var\u0161avy z men\u0161\u00edch miest, poukazuj\u00fa na to, \u017ee hlavn\u00e9 mesto m\u00f4\u017ee by\u0165 na za\u010diatku trochu ohromuj\u00face. Vo Var\u0161ave m\u00f4\u017eete tr\u00e1vi\u0165 vo\u013en\u00fd \u010das vyu\u017e\u00edvan\u00edm bohatej kult\u00farnej ponuky, preto\u017ee pr\u00e1ve tu sa nach\u00e1dza v\u00e4\u010d\u0161ina v\u00fdznamn\u00fdch m\u00faze\u00ed, m\u00f4\u017eete sa z\u00fa\u010dastni\u0165 liter\u00e1rnych ve\u010derov, vychutna\u0165 si ponuku najlep\u0161\u00edch a najoce\u0148ovanej\u0161\u00edch kaviarn\u00ed alebo \u00eds\u0165 na tane\u010dn\u00fa z\u00e1bavu. Ka\u017ed\u00fd nad\u0161enec hist\u00f3rie bude ur\u010dite spokojn\u00fd, preto\u017ee tu m\u00f4\u017eete presk\u00fama\u0165 mnoho zauj\u00edmav\u00fdch miest, nach\u00e1dza sa tu M\u00fazeum Var\u0161avsk\u00e9ho povstania, Citadela, ktor\u00e1 sa dynamicky rozv\u00edja, buduje sa tu mno\u017estvo ve\u013emi modern\u00fdch m\u00faze\u00ed, v hlavnom meste sa nach\u00e1dza aj M\u00fazeum Fryderyka Chopina, tak\u017ee m\u00f4\u017eeme poveda\u0165, \u017ee hlavn\u00e9 mesto sa uk\u00e1\u017ee ako uspokojiv\u00e9 rie\u0161enie v ka\u017edom oh\u013eade. Predt\u00fdm, ako sa rozhodnete pre b\u00fdvanie vo Var\u0161ave, mali by ste si premyslie\u0165, \u010di v\u00e1m bude vyhovova\u0165 doch\u00e1dzanie do pr\u00e1ce z miesta, kde budete b\u00fdva\u0165. Ak sa rozhodnete \u017ei\u0165 v Bia\u0142o\u0142\u0119ke, bude lep\u0161ie, ak sa budete pohybova\u0165 autom, preto\u017ee autobusov\u00e1 doprava a verejn\u00e1 doprava tu funguje inak. Ak nem\u00e1te auto, bude lep\u0161ie, ak budete b\u00fdva\u0165 v bl\u00edzkosti linky metra, preto\u017ee to je vynikaj\u00face rie\u0161enie na pohyb po hlavnom meste.<\/p>\n<h2>Ak\u00fd pokrok sa dosiahol pri v\u00fdstavbe linky metra?<\/h2>\n<p>Var\u0161avsk\u00e9 metro sa dynamicky roz\u0161iruje. Hovor\u00ed sa o otvoren\u00ed nov\u00fdch \u00fasekov druhej linky metra, ktor\u00e9 maj\u00fa vytvori\u0165 dopravn\u00e9 spojenie s Bemovom a Br\u00f3dnom. Mo\u017eno poveda\u0165, \u017ee roz\u0161\u00edrenie var\u0161avsk\u00e9ho metra bolo jednou z prior\u00edt, ktor\u00e9 si stanovil prim\u00e1tor Var\u0161avy Rafa\u0142 Trzaskowski. Modern\u00e9, plne roz\u0161\u00edren\u00e9 metro urob\u00ed z Var\u0161avy modern\u00e9, plne eur\u00f3pske mesto. Ak sa podar\u00ed otvori\u0165 dva nov\u00e9 \u00faseky uveden\u00e9 vy\u0161\u0161ie, tra\u0165 II bude ma\u0165 19 km. a 18 stan\u00edc. Po tomto \u00faspechu zostane u\u017e len potreba prebehn\u00fa\u0165 4 km dlh\u00fd \u00fasek do Karolina.<\/p>\n<p>&nbsp;<\/p>","protected":false},"excerpt":{"rendered":"<p>Warszawa funkcjonuje jako stolica Polski od 1592r., kiedy to po po\u017carze Zamku na Wawelu, kr\u00f3l Zygmunt III Waza przeni\u00f3s\u0142 tutaj siedzib\u0119 w\u0142adzy kr\u00f3lewskiej, instytucje. Ciekawostk\u0105 o kt\u00f3rej wiedz\u0105 jedynie nieliczni jest fakt, \u017ce Warszawa uzyska\u0142a formalny zapis o sto\u0142eczno\u015bci dopiero w 1952r., kiedy to prezydentem by\u0142 Boles\u0142aw Bierut. Mo\u017cna dzi\u015b r\u00f3\u017cnie ocenia\u0107 komunistycznego prezydenta, jednak [&hellip;]<\/p>\n","protected":false},"author":2,"featured_media":712,"comment_status":"open","ping_status":"closed","sticky":false,"template":"","format":"standard","meta":{"inline_featured_image":false,"footnotes":""},"categories":[33],"tags":[50],"class_list":["post-711","post","type-post","status-publish","format-standard","has-post-thumbnail","hentry","category-podroze","tag-all"],"_links":{"self":[{"href":"https:\/\/lifestylerek.com\/sk\/wp-json\/wp\/v2\/posts\/711","targetHints":{"allow":["GET"]}}],"collection":[{"href":"https:\/\/lifestylerek.com\/sk\/wp-json\/wp\/v2\/posts"}],"about":[{"href":"https:\/\/lifestylerek.com\/sk\/wp-json\/wp\/v2\/types\/post"}],"author":[{"embeddable":true,"href":"https:\/\/lifestylerek.com\/sk\/wp-json\/wp\/v2\/users\/2"}],"replies":[{"embeddable":true,"href":"https:\/\/lifestylerek.com\/sk\/wp-json\/wp\/v2\/comments?post=711"}],"version-history":[{"count":0,"href":"https:\/\/lifestylerek.com\/sk\/wp-json\/wp\/v2\/posts\/711\/revisions"}],"wp:featuredmedia":[{"embeddable":true,"href":"https:\/\/lifestylerek.com\/sk\/wp-json\/wp\/v2\/media\/712"}],"wp:attachment":[{"href":"https:\/\/lifestylerek.com\/sk\/wp-json\/wp\/v2\/media?parent=711"}],"wp:term":[{"taxonomy":"category","embeddable":true,"href":"https:\/\/lifestylerek.com\/sk\/wp-json\/wp\/v2\/categories?post=711"},{"taxonomy":"post_tag","embeddable":true,"href":"https:\/\/lifestylerek.com\/sk\/wp-json\/wp\/v2\/tags?post=711"}],"curies":[{"name":"wp","href":"https:\/\/api.w.org\/{rel}","templated":true}]}}