{"id":711,"date":"2023-02-23T02:31:01","date_gmt":"2023-02-23T02:31:01","guid":{"rendered":"https:\/\/lifestylerek.pl\/?p=711"},"modified":"2023-02-23T02:31:01","modified_gmt":"2023-02-23T02:31:01","slug":"dzielnice-warszawy-wycieczka-do-stolicy-co-nalezy-zwiedzic","status":"publish","type":"post","link":"https:\/\/lifestylerek.com\/sl\/okrozja-warszawy-wycieczka-do-stolicy-co-nalezy-zwiedzic\/","title":{"rendered":"Var\u0161avski predeli - izlet v prestolnico, kaj obiskati?"},"content":{"rendered":"<p>Var\u0161ava je glavno mesto Poljske od leta 1592, ko je po po\u017earu gradu Wawel kralj Sigismund III Vasa sem preselil sede\u017e kraljeve oblasti in institucij. Zanimivost, za katero ve le malo ljudi, je dejstvo, da je Var\u0161ava uradno postala glavno mesto \u0161ele leta 1952, ko je bil predsednik Boleslav Bierut. Komunisti\u010dnega predsednika lahko ocenjujemo na razli\u010dne na\u010dine, vendar je veliko storil za Var\u0161avo in njeno obnovo, \u010deprav se kot marksist ni strinjal z obnovo kraljevega gradu. Le redki vedo, da je h\u010derka \"tovari\u0161a Thomasa\". Krystyna Bierut- Maminajszwili je aktivno sodelovala v var\u0161avski vstaji.<\/p>\n<h2><strong>Koliko okro\u017eij ima Var\u0161ava?\u00a0<\/strong><\/h2>\n<p>Var\u0161ava je ob\u010dina s statusom mesta z okro\u017enimi pravicami, glavno mesto pa sestavlja 18 okro\u017eij. Vsako okro\u017eje prestolnice je ohranilo svoj zna\u010daj,\u00a0<strong>okro\u017eja Var\u0161ave<\/strong>\u00a0so: Bemowo, Bia\u0142o\u0142\u0119ka, Bielany, Mokot\u00f3w, Ochota, Praga Po\u0142udnie, Praga P\u00f3\u0142noc, Rembert\u00f3w, \u015ar\u00f3dmie\u015bcie, Targ\u00f3wek, Ursus, Ursyn\u00f3w, Wawer, Weso\u0142a, Wilan\u00f3w, W\u0142ochy, Wola, \u017boliborz. Obstaja veliko negativnih mnenj o Pragi-sever, vendar je to okro\u017eje z zgodovino, ki jo je vredno raziskati. V obdobju tik po drugi svetovni vojni je bila v okro\u017eju Praga-sever mre\u017ea zaporov Ministrstva za javno varnost, ki so bili ustanovljeni na podlagi tako imenovanega julijskega manifesta Poljskega odbora za narodno osvoboditev. V severni Pragi velja obiskati Muzej vojakov, nekdanjih klavcev in politi\u010dnih zapornikov Ljudske republike Poljske, ki se nahaja na ulici Strzelecka 8. Center mesta velja za nevaren kraj, zato morate biti previdni, saj je na nekaterih mestih, na primer na trgu \"patelnia\", ki se nahaja ob vhodu v center podzemne \u017eeleznice, vedno kaoti\u010dno in neurejeno. Najmanj\u0161e okro\u017eje je Ursus, ki meri nekaj ve\u010d kot 9 km2, Weso\u0142a pa je mestne pravice dobila najpozneje leta 2002. Zgodovinarji poudarjajo, da zgodovina Var\u0161ave sega na prelom 12. in 13. stoletja, ko je bil ustanovljen dvorec mazovskih knezov Jazd\u00f3w, ki se danes imenuje Ujazd\u00f3w. Najve\u010dji var\u0161avski okraj je Wawer s povr\u0161ino 79,7 kvadratnega kilometra. V poljski prestolnici \u017eivi najve\u010d ljudi, ki spadajo v skupino stotih najbogatej\u0161ih Poljakov. Var\u0161ava je \u0161e vedno mesto, kjer so mo\u017enosti za mednarodno kariero veliko ve\u010dje kot v drugih poljskih mestih, saj je tu najve\u010d korporacij in velikih podjetij.<\/p>\n<h2>Ali je vredno \u017eiveti v Var\u0161avi in kje?<\/h2>\n<p>Var\u0161ava je mesto razvoja in \u0161tevilnih prilo\u017enosti, kjer so \u0161e vedno na voljo najbolj\u0161e mo\u017enosti za poklicno kariero. Ni \u010dudno, da prestolnica kot magnet privla\u010di ljudi iz vse dr\u017eave. \u010ceprav so \u017eivljenjski stro\u0161ki visoki, jih nadomestijo visoke pla\u010de, na katere prebivalci drugih mestnih sredi\u0161\u010d obi\u010dajno ne morejo ra\u010dunati. \u017divljenje v prestolnici je priro\u010dno, saj lahko \u0161tevilne storitve uporabljate, ne da bi zapustili dom, ve\u010dino stvari pa lahko naro\u010dite. \u0160tevilni ljudje, ki v Var\u0161avo prihajajo iz manj\u0161ih mest, poudarjajo, da je glavno mesto na za\u010detku lahko nekoliko utesnjujo\u010de. V Var\u0161avi lahko prosti \u010das pre\u017eivite ob bogati kulturni ponudbi, saj se tu nahaja ve\u010dina znamenitih muzejev, lahko se udele\u017eite literarnih ve\u010derov, u\u017eivate v ponudbi najbolj\u0161ih in najbolj cenjenih kavarn ali obi\u0161\u010dete plesne zabave. Vsak ljubitelj zgodovine bo zagotovo zadovoljen, saj lahko razi\u0161\u010de veliko zanimivih krajev, tu se nahaja Muzej var\u0161avske vstaje, Citadela se dinami\u010dno razvija, v njej nastajajo \u0161tevilni zelo sodobni muzeji, v prestolnici je tudi Muzej Frederika Chopina, zato lahko re\u010demo, da se bo prestolnica izkazala za zadovoljivo re\u0161itev v vsakem pogledu. Preden se odlo\u010dite za \u017eivljenje v Var\u0161avi, premislite, ali bo pot do delovnega mesta od kraja, kjer boste \u017eiveli, dobra. \u010ce se odlo\u010dite za \u017eivljenje v Bia\u0142o\u0142\u0119ki, bo bolje, \u010de se boste naokoli vozili z avtomobilom, saj avtobusni in javni prevoz tu deluje druga\u010de. \u010ce nimate avtomobila, je bolje, da \u017eivite v bli\u017eini podzemne \u017eeleznice, saj je to odli\u010dna re\u0161itev za premikanje po prestolnici.<\/p>\n<h2>Kak\u0161en napredek je bil dose\u017een pri gradnji podzemne \u017eeleznice?<\/h2>\n<p>Var\u0161avska podzemna \u017eeleznica se dinami\u010dno \u0161iri. Govori se o odprtju novih odsekov druge linije podzemne \u017eeleznice, ki naj bi vzpostavili prometno povezavo z Bemowom in Br\u00f3dnom. Lahko re\u010demo, da je bila \u0161iritev var\u0161avske podzemne \u017eeleznice ena od prednostnih nalog var\u0161avskega \u017eupana Rafala Trzaskowskega. Sodobna in popolnoma raz\u0161irjena podzemna \u017eeleznica bo Var\u0161avo spremenila v sodobno in popolnoma evropsko mesto. \u010ce bosta omenjena nova odseka odprta, bo proga II dolga 19 km. in 18 postaj. Po tem uspehu bo treba prete\u010di le \u0161e 4 km dolg odsek do Karolina.<\/p>\n<p>&nbsp;<\/p>","protected":false},"excerpt":{"rendered":"<p>Warszawa funkcjonuje jako stolica Polski od 1592r., kiedy to po po\u017carze Zamku na Wawelu, kr\u00f3l Zygmunt III Waza przeni\u00f3s\u0142 tutaj siedzib\u0119 w\u0142adzy kr\u00f3lewskiej, instytucje. Ciekawostk\u0105 o kt\u00f3rej wiedz\u0105 jedynie nieliczni jest fakt, \u017ce Warszawa uzyska\u0142a formalny zapis o sto\u0142eczno\u015bci dopiero w 1952r., kiedy to prezydentem by\u0142 Boles\u0142aw Bierut. Mo\u017cna dzi\u015b r\u00f3\u017cnie ocenia\u0107 komunistycznego prezydenta, jednak [&hellip;]<\/p>\n","protected":false},"author":2,"featured_media":712,"comment_status":"open","ping_status":"closed","sticky":false,"template":"","format":"standard","meta":{"inline_featured_image":false,"footnotes":""},"categories":[33],"tags":[50],"class_list":["post-711","post","type-post","status-publish","format-standard","has-post-thumbnail","hentry","category-podroze","tag-all"],"_links":{"self":[{"href":"https:\/\/lifestylerek.com\/sl\/wp-json\/wp\/v2\/posts\/711","targetHints":{"allow":["GET"]}}],"collection":[{"href":"https:\/\/lifestylerek.com\/sl\/wp-json\/wp\/v2\/posts"}],"about":[{"href":"https:\/\/lifestylerek.com\/sl\/wp-json\/wp\/v2\/types\/post"}],"author":[{"embeddable":true,"href":"https:\/\/lifestylerek.com\/sl\/wp-json\/wp\/v2\/users\/2"}],"replies":[{"embeddable":true,"href":"https:\/\/lifestylerek.com\/sl\/wp-json\/wp\/v2\/comments?post=711"}],"version-history":[{"count":0,"href":"https:\/\/lifestylerek.com\/sl\/wp-json\/wp\/v2\/posts\/711\/revisions"}],"wp:featuredmedia":[{"embeddable":true,"href":"https:\/\/lifestylerek.com\/sl\/wp-json\/wp\/v2\/media\/712"}],"wp:attachment":[{"href":"https:\/\/lifestylerek.com\/sl\/wp-json\/wp\/v2\/media?parent=711"}],"wp:term":[{"taxonomy":"category","embeddable":true,"href":"https:\/\/lifestylerek.com\/sl\/wp-json\/wp\/v2\/categories?post=711"},{"taxonomy":"post_tag","embeddable":true,"href":"https:\/\/lifestylerek.com\/sl\/wp-json\/wp\/v2\/tags?post=711"}],"curies":[{"name":"wp","href":"https:\/\/api.w.org\/{rel}","templated":true}]}}