{"id":1464,"date":"2023-01-20T21:43:13","date_gmt":"2023-01-20T21:43:13","guid":{"rendered":"https:\/\/lifestylerek.com\/?p=1464"},"modified":"2023-01-20T21:47:37","modified_gmt":"2023-01-20T21:47:37","slug":"klaudia-halejcio-co-o-niej-wiemy","status":"publish","type":"post","link":"https:\/\/lifestylerek.com\/sv\/claudia-halejci-what-we-know\/","title":{"rendered":"Klaudia Halejcio - vad vet vi om henne?"},"content":{"rendered":"<p style=\"text-align: justify;\">Trots att hon bara \u00e4r 32 \u00e5r gammal har hon redan 25 \u00e5rs erfarenhet av sk\u00e5despeleri! Hon b\u00f6rjade i en polsk kultf\u00f6rklarad polsk telenovela och fortsatte sedan med mer \u00e4n tio roller i b\u00e5de serier, biograffilmer och tv-filmer. I dag \u00e4r hon inte bara en v\u00e4lk\u00e4nd och omtyckt sk\u00e5despelerska, utan ocks\u00e5 en av de mest popul\u00e4ra polska influencers.<\/p>\n<h2 style=\"text-align: justify;\">Fr\u00e5n Zlotopolice till Gierek<\/h2>\n<p style=\"text-align: justify;\">Klaudia Halejcio f\u00f6ddes den 13 september 1990 i Warszawa. Hon har en tio \u00e5r \u00e4ldre syster som har bott utomlands i m\u00e5nga \u00e5r. Hon tog sina f\u00f6rsta steg p\u00e5 teaterscenen n\u00e4r hon var fyra \u00e5r gammal i en f\u00f6rest\u00e4llning av\u00a0<em>Firandet<\/em>. Sedan 2003 har hon medverkat i\u00a0<em>Zlotopolski<\/em>d\u00e4r hon spelade And\u017celica, en beslutsam flicka som kunde g\u00f6ra hela byn uppr\u00f6rd. \u00c5r 2009 debuterade hon p\u00e5 vita duken i filmen\u00a0<em>Popieluszko. Friheten finns inom oss.\u00a0<\/em>Hon har medverkat i ett antal polska serier i episodiska roller, som tittarna bland annat kunde se henne i.\u00a0<em>Plebania, Kasi i Tomek, Na dobre i na z\u0142e\u00a0<\/em>eller .\u00a0<em>Fader Matthew.<\/em>\u00a0N\u00e5gra av de viktigaste filmerna i hennes karri\u00e4r \u00e4r\u00a0<em>Sista minuten<\/em>\u00a0i regi av Patryk Vega,\u00a0<em>7 saker du inte vet om m\u00e4n<\/em><em>, Rojas historia\u00a0<\/em>eller .\u00a0<em>Krime ber\u00e4ttelse. K\u00e4rlekshistoria\u00a0<\/em>Michal Wegrzyn. Halejcios passion \u00e4r dans och hennes f\u00e4rdigheter kan beundras i program\u00a0<em>Dansa med stj\u00e4rnorna. Dansa med stj\u00e4rnorna\u00a0<\/em>och\u00a0<em>Dans Dans Dans Dans Dans.\u00a0<\/em>I det f\u00f6rsta programmet kom Halejcio p\u00e5 fj\u00e4rde plats och i det andra, d\u00e4r hon var parad med Paulina Krupi\u0144ska, kom hon p\u00e5 femte plats. Under en tid studerade hon socialpsykologi vid SWPS, men avslutade inte sina studier. I tv\u00e5 \u00e5r hade hon ett f\u00f6rh\u00e5llande med Tomasz Bara\u0144ski, en dansare som hon tr\u00e4ffade p\u00e5 inspelningen av\u00a0<em>Dansa med stj\u00e4rnorna.<\/em>\u00a0Hon bor f\u00f6r n\u00e4rvarande i Warszawa med sin tv\u00e5\u00e5riga dotter och sin partner Oskar Wojciechowski, som \u00e4r entrepren\u00f6r och son till J\u00f3zef Wojeciechowski, \u00e4gare till ett av Polens st\u00f6rsta fastighetsutvecklingsf\u00f6retag. Paret har varit tillsammans sedan 2020.<\/p>\n<h2 style=\"text-align: justify;\">Den viktigaste rollen i livet<\/h2>\n<p style=\"text-align: justify;\">Den 14 februari 2021 lade k\u00e4ndisen till ett romantiskt inl\u00e4gg p\u00e5 sin Instagram-profil. Omgiven av r\u00f6da ballonger granskar de ultraljudsbilder med sin \u00e4lskade man, och i bildtexten st\u00e5r det \"Det h\u00e4r \u00e4r rollen jag har v\u00e4ntat p\u00e5 i hela mitt liv!\". En lycklig Claudia delade med sig av nyheten till sina fans att hon skulle bli mamma. Sedan dess har hon \u00e4gnat mycket utrymme p\u00e5 sina sociala medier \u00e5t graviditet och moderskap. Tv\u00e5 veckor senare meddelade hon, ocks\u00e5 p\u00e5 Instagram, att hon skulle f\u00f6da en liten flicka. Den lyckliga leveransen \u00e4gde rum den 7 juni 2021. Sk\u00e5despelerskan best\u00e4mde sig f\u00f6r att visa upp barnet p\u00e5 n\u00e4tet. Hon fick ofta ber\u00f6m f\u00f6r att hon ber\u00e4ttade \u00f6ppet om hur hennes kropp f\u00f6r\u00e4ndrades under graviditeten och efter f\u00f6rlossningen,<br \/>\noch \u00e4ven f\u00f6r att visa upp sina naturliga bilder. Efter f\u00f6rlossningen ville hon inte snabbt \u00e5terg\u00e5 till den kr\u00e4vande rollen som sk\u00e5despelare p\u00e5 scen och i tv-serier, men hon fann sig sj\u00e4lv hemma som influencer.<\/p>\n<h2 style=\"text-align: justify;\">Sk\u00e4rmstj\u00e4rna och internetstj\u00e4rna<\/h2>\n<p style=\"text-align: justify;\">Klaudia Halejcio har hittat sin v\u00e4g till den virtuella verkligheten p\u00e5 ett mycket bra s\u00e4tt. Hennes Instagramkonto f\u00f6ljs f\u00f6r n\u00e4rvarande av mer \u00e4n 700 000 personer och hon har n\u00e4stan 400 000 f\u00f6ljare p\u00e5 tik toku. Hon delar med sig av sin vardag p\u00e5 n\u00e4tet, visar hur hon kombinerar sitt arbete som sk\u00e5despelerska med sin roll som ung mamma och delar med sig av m\u00e5nga korta komedivideor d\u00e4r hon sk\u00e4mtar om sig sj\u00e4lv och moderskapets utmaningar. K\u00e4ndisen g\u00f6r inte heller n\u00e5gon hemlighet av sin k\u00e4rlek till lyxiga saker och visar g\u00e4rna upp vad hon har i sin garderob, sitt k\u00f6k och sitt badrum. Hennes hus i Ursyn\u00f3w \u00e4r mer \u00e4n 500 meter l\u00e5ngt, och sk\u00e5despelerskan har sj\u00e4lv erk\u00e4nt att det kostade 9 miljoner zloty och har ett marmorgolv. Hon har kritiserats flera g\u00e5nger f\u00f6r sitt komiska arbete och har bland annat anklagats f\u00f6r att ha portr\u00e4tterat personer med funktionshinder eller psykiska st\u00f6rningar p\u00e5 ett h\u00e5nfullt och f\u00f6rol\u00e4mpande s\u00e4tt. Halejcio har inte tagit upp dessa p\u00e5st\u00e5enden. Nyligen erk\u00e4nde Klaudia att hon planerar att g\u00e5 ner n\u00e5gra kilo eftersom hon \u00e4r \"biffig\". Denna bek\u00e4nnelse togs inte emot med v\u00e4rme av internetanv\u00e4ndare som menade att en person som \u00e4r en idol f\u00f6r ton\u00e5rsflickor kan v\u00e4cka komplex hos dem med s\u00e5dana ord. Trots sin mycket v\u00e4lformade figur kan sk\u00e5despelerskan inte acceptera sig sj\u00e4lv.<\/p>\n<h2 style=\"text-align: justify;\">Inte bara mamma<\/h2>\n<p style=\"text-align: justify;\">Trots att moderskapet \u00e4r Klaudia Halejcios viktigaste roll i livet och att hon tack vare v\u00e4lutvecklade sociala medier l\u00e4tt kan arbeta hemifr\u00e5n, har stj\u00e4rnan beslutat att \u00e5terv\u00e4nda till sina r\u00f6tter och inte sluta med sitt sk\u00e5despeleri. \u00c5r 2022 sl\u00e4pptes tre filmer med henne i huvudrollen p\u00e5 biograferna (<em>Krime ber\u00e4ttelse. K\u00e4rlekshistoria, Gierek, Lycka kommer i par)<\/em>och fansen har kunnat se henne i flera teaterproduktioner, med vilka hon turnerar \u00f6ver hela Polen. Hon samarbetar st\u00e4ndigt med Komedia Theatre och spelar f\u00f6r n\u00e4rvarande i produktioner av\u00a0<em>Privat klinik,<\/em>\u00a0d\u00e4r hon spelar rollen som Anna,<em>\u00a0En man med tv\u00e5 chefer\u00a0<\/em>och\u00a0<em>Hustru beh\u00f6vs omedelbart.\u00a0<\/em>Trots vissa kontroverser kring hennes aktiviteter p\u00e5 n\u00e4tet \u00e4r Klaudia Halejcio fortfarande en av de mest k\u00e4nda och omtyckta polska k\u00e4ndisarna, vilket framg\u00e5r av det stora intresset f\u00f6r hennes Instagram- och tic-tac-toe-konton och antalet varum\u00e4rken som \u00e4r villiga att samarbeta med henne.<\/p>","protected":false},"excerpt":{"rendered":"<p>Chocia\u017c ma dopiero 32 lata to w wyst\u0119pach aktorskich ma ju\u017c 25 lat do\u015bwiadczenia! Zaczyna\u0142a w kultowej polskiej telenoweli, a potem zrealizowa\u0142a ponad dziesi\u0119\u0107 r\u00f3l zar\u00f3wno w serialach jak i filmach kinowych i telewizyjnych. Dzi\u015b jest nie tylko znan\u0105 i lubiona aktork\u0105, ale te\u017c jedn\u0105 z najpopularniejszych polskich influencerek. Od Z\u0142otopolic do Gierka Klaudia Halejcio [&hellip;]<\/p>\n","protected":false},"author":2,"featured_media":1465,"comment_status":"open","ping_status":"closed","sticky":false,"template":"","format":"standard","meta":{"inline_featured_image":false,"footnotes":""},"categories":[41],"tags":[50],"class_list":["post-1464","post","type-post","status-publish","format-standard","has-post-thumbnail","hentry","category-kultura","tag-all"],"_links":{"self":[{"href":"https:\/\/lifestylerek.com\/sv\/wp-json\/wp\/v2\/posts\/1464","targetHints":{"allow":["GET"]}}],"collection":[{"href":"https:\/\/lifestylerek.com\/sv\/wp-json\/wp\/v2\/posts"}],"about":[{"href":"https:\/\/lifestylerek.com\/sv\/wp-json\/wp\/v2\/types\/post"}],"author":[{"embeddable":true,"href":"https:\/\/lifestylerek.com\/sv\/wp-json\/wp\/v2\/users\/2"}],"replies":[{"embeddable":true,"href":"https:\/\/lifestylerek.com\/sv\/wp-json\/wp\/v2\/comments?post=1464"}],"version-history":[{"count":0,"href":"https:\/\/lifestylerek.com\/sv\/wp-json\/wp\/v2\/posts\/1464\/revisions"}],"wp:featuredmedia":[{"embeddable":true,"href":"https:\/\/lifestylerek.com\/sv\/wp-json\/wp\/v2\/media\/1465"}],"wp:attachment":[{"href":"https:\/\/lifestylerek.com\/sv\/wp-json\/wp\/v2\/media?parent=1464"}],"wp:term":[{"taxonomy":"category","embeddable":true,"href":"https:\/\/lifestylerek.com\/sv\/wp-json\/wp\/v2\/categories?post=1464"},{"taxonomy":"post_tag","embeddable":true,"href":"https:\/\/lifestylerek.com\/sv\/wp-json\/wp\/v2\/tags?post=1464"}],"curies":[{"name":"wp","href":"https:\/\/api.w.org\/{rel}","templated":true}]}}