{"id":711,"date":"2023-02-23T02:31:01","date_gmt":"2023-02-23T02:31:01","guid":{"rendered":"https:\/\/lifestylerek.pl\/?p=711"},"modified":"2023-02-23T02:31:01","modified_gmt":"2023-02-23T02:31:01","slug":"dzielnice-warszawy-wycieczka-do-stolicy-co-nalezy-zwiedzic","status":"publish","type":"post","link":"https:\/\/lifestylerek.com\/tr\/districts-warszawy-wycieczka-do-stolicy-co-nalezy-zwiedzic\/","title":{"rendered":"Var\u015fova b\u00f6lgeleri - ba\u015fkente bir gezi, neleri ziyaret etmeli?"},"content":{"rendered":"<p>Var\u015fova, Wawel Kalesi yang\u0131n\u0131ndan sonra Kral Sigismund III Vasa'n\u0131n kraliyet g\u00fcc\u00fcn\u00fcn merkezi olan kurumlar\u0131 buraya ta\u015f\u0131d\u0131\u011f\u0131 1592 y\u0131l\u0131ndan bu yana Polonya'n\u0131n ba\u015fkenti olarak i\u015flev g\u00f6rmektedir. \u00c7ok az ki\u015finin bildi\u011fi bir merak konusu da Var\u015fova'n\u0131n resmi olarak ancak 1952 y\u0131l\u0131nda, Boles\u0142aw Bierut'un cumhurba\u015fkan\u0131 oldu\u011fu d\u00f6nemde ba\u015fkent yap\u0131lm\u0131\u015f olmas\u0131d\u0131r. Kom\u00fcnist ba\u015fkan farkl\u0131 \u015fekillerde de\u011ferlendirilebilir ancak bir Marksist olarak Kraliyet Kalesi'nin yeniden in\u015fas\u0131na kat\u0131lmamas\u0131na ra\u011fmen Var\u015fova ve yeniden in\u015fas\u0131 i\u00e7in \u00e7ok \u015fey yapt\u0131. Yolda\u015f Thomas'\u0131n k\u0131z\u0131 oldu\u011funu \u00e7ok az ki\u015fi biliyor. Krystyna Bierut- Maminajszwili Var\u015fova Ayaklanmas\u0131'nda aktif rol ald\u0131.<\/p>\n<h2><strong>Var\u015fova'da ka\u00e7 tane il\u00e7e var?\u00a0<\/strong><\/h2>\n<p>Var\u015fova, il\u00e7e haklar\u0131na sahip bir \u015fehir stat\u00fcs\u00fcne sahip bir belediyedir, ba\u015fkent 18 il\u00e7eden olu\u015fmaktad\u0131r. Ba\u015fkentin her bir b\u00f6lgesi kendi karakterini korumu\u015ftur,\u00a0<strong>Var\u015fova'n\u0131n il\u00e7eleri<\/strong>\u00a0Onlar: Bemowo, Bia\u0142o\u0142\u0119ka, Bielany, Mokot\u00f3w, Ochota, Praga Po\u0142udnie, Praga P\u00f3\u0142noc, Rembert\u00f3w, \u015ar\u00f3dmie\u015bcie, Targ\u00f3wek, Ursus, Ursyn\u00f3w, Wawer, Weso\u0142a, Wilan\u00f3w, W\u0142ochy, Wola, \u017boliborz. Praga-Kuzey hakk\u0131nda bir\u00e7ok olumsuz g\u00f6r\u00fc\u015f var, ancak ke\u015ffedilmeye de\u011fer bir tarihe sahip bir b\u00f6lge. D\u00fcnya Sava\u015f\u0131'ndan hemen sonraki d\u00f6nemde, Praga-Kuzey b\u00f6lgesinde, Polonya Ulusal Kurtulu\u015f Komitesi'nin s\u00f6zde Temmuz Manifestosu uyar\u0131nca kurulan Kamu G\u00fcvenli\u011fi Bakanl\u0131\u011f\u0131'na ait bir hapishane a\u011f\u0131 vard\u0131. Kuzey Praga'dayken, Strzelecka Caddesi 8 numarada bulunan Polonya Halk Cumhuriyeti Askerleri, Eski K\u00f6leleri ve Siyasi Mahkumlar\u0131 M\u00fczesi'ni ziyaret etmeye de\u011fer. \u015eehir merkezi de Varsoval\u0131lar taraf\u0131ndan tehlikeli bir yer olarak kabul edilir ve metro merkezinin giri\u015finin yan\u0131nda bulunan bir meydan olan 'patelnia' gibi baz\u0131 yerler her zaman kaotik ve da\u011f\u0131n\u0131k oldu\u011fundan kesinlikle dikkatli olmal\u0131s\u0131n\u0131z. En k\u00fc\u00e7\u00fck il\u00e7e 9 km kareden biraz daha b\u00fcy\u00fck olan Ursus'tur, Weso\u0142a ise en ge\u00e7 2002 y\u0131l\u0131nda \u015fehir haklar\u0131na sahip olmu\u015ftur. Tarih\u00e7iler Var\u015fova'n\u0131n tarihinin, Mazovya prenslerinin malikanesi olan ve bug\u00fcn Ujazd\u00f3w olarak adland\u0131r\u0131lan Jazd\u00f3w'un kuruldu\u011fu 12. ve 13. y\u00fczy\u0131llara kadar uzand\u0131\u011f\u0131n\u0131 belirtmektedir. Var\u015fova'n\u0131n en b\u00fcy\u00fck il\u00e7esi 79,7 kilometrekarelik bir alan\u0131 kaplayan Wawer'dir. Polonya'n\u0131n ba\u015fkenti, en zengin y\u00fcz Polonyal\u0131 grubuna ait en fazla say\u0131da insana ev sahipli\u011fi yapmaktad\u0131r. Var\u015fova, en fazla say\u0131da \u015firketin ve b\u00fcy\u00fck i\u015fletmenin burada bulunmas\u0131 nedeniyle, uluslararas\u0131 kariyer yapma olas\u0131l\u0131\u011f\u0131n\u0131n di\u011fer Polonya \u015fehirlerine g\u00f6re \u00e7ok daha y\u00fcksek oldu\u011fu bir yerdir.<\/p>\n<h2>Var\u015fova'da ya\u015famaya de\u011fer mi ve nerede?<\/h2>\n<p>Var\u015fova, profesyonel bir kariyer i\u00e7in en iyi \u015fanslar\u0131n hala mevcut oldu\u011fu bir geli\u015fim ve say\u0131s\u0131z f\u0131rsat \u015fehridir. Ba\u015fkentin \u00fclkenin d\u00f6rt bir yan\u0131ndan insanlar\u0131 bir m\u0131knat\u0131s gibi \u00e7ekmesi \u015fa\u015f\u0131rt\u0131c\u0131 de\u011fildir. Ya\u015fam maliyeti y\u00fcksek olsa da, di\u011fer \u015fehir merkezlerinde ya\u015fayan insanlar\u0131n genellikle g\u00fcvenemeyece\u011fi y\u00fcksek maa\u015flarla telafi edilmektedir. Ba\u015fkentte ya\u015famak, evden \u00e7\u0131kmak zorunda kalmadan bir dizi hizmeti kullanabilece\u011finiz ve \u00e7o\u011fu \u015feyi sipari\u015f edebilece\u011finiz i\u00e7in uygundur. Var\u015fova'ya k\u00fc\u00e7\u00fck \u015fehirlerden gelen pek \u00e7ok ki\u015fi, ba\u015fkentin ba\u015flang\u0131\u00e7ta biraz bunalt\u0131c\u0131 olabilece\u011fini belirtiyor. Var\u015fova'da bo\u015f zamanlar\u0131n\u0131z\u0131 zengin k\u00fclt\u00fcrel olanaklardan yararlanarak ge\u00e7irebilirsiniz, \u00e7\u00fcnk\u00fc burada \u00f6nemli m\u00fczelerin \u00e7o\u011fu bulunmaktad\u0131r, ayr\u0131ca edebiyat ak\u015famlar\u0131na kat\u0131labilir, en iyi, en be\u011fenilen kafelerin teklifinin tad\u0131n\u0131 \u00e7\u0131karabilir veya dans partilerine gidebilirsiniz. Her tarih merakl\u0131s\u0131 kesinlikle tatmin olacakt\u0131r, \u00e7\u00fcnk\u00fc bir\u00e7ok ilgin\u00e7 yeri ke\u015ffedebilirsiniz, Var\u015fova Ayaklanma M\u00fczesi'nin bulundu\u011fu yer buras\u0131d\u0131r, dinamik bir \u015fekilde geli\u015fen Citadel, orada \u00e7ok say\u0131da modern m\u00fcze in\u015fa ediliyor, ba\u015fkentte Frederic Chopin M\u00fczesi de var, bu y\u00fczden ba\u015fkentin her a\u00e7\u0131dan tatmin edici bir \u00e7\u00f6z\u00fcm oldu\u011funu kan\u0131tlayaca\u011f\u0131n\u0131 s\u00f6yleyebiliriz. Var\u015fova'da ya\u015famaya karar vermeden \u00f6nce, ya\u015fayaca\u011f\u0131n\u0131z yerden i\u015f yerinize gidip gelmenin iyi olup olmayaca\u011f\u0131n\u0131 d\u00fc\u015f\u00fcnmelisiniz. Bia\u0142o\u0142\u0119ka'da ya\u015famaya karar verirseniz, otob\u00fcs ta\u015f\u0131mac\u0131l\u0131\u011f\u0131, toplu ta\u015f\u0131ma burada farkl\u0131 \u00e7al\u0131\u015ft\u0131\u011f\u0131 i\u00e7in araba ile dola\u015fman\u0131z daha iyi olacakt\u0131r. Araban\u0131z yoksa, bir metro hatt\u0131na yak\u0131n oturman\u0131z daha iyi olacakt\u0131r, \u00e7\u00fcnk\u00fc bu ba\u015fkentte dola\u015fmak i\u00e7in m\u00fckemmel bir \u00e7\u00f6z\u00fcmd\u00fcr.<\/p>\n<h2>Metro hatt\u0131n\u0131n in\u015fas\u0131nda ne gibi ilerlemeler kaydedildi?<\/h2>\n<p>Var\u015fova'n\u0131n metro sistemi dinamik bir \u015fekilde geni\u015fliyor. Bemowo ve Br\u00f3dno ile bir ula\u015f\u0131m ba\u011flant\u0131s\u0131 olu\u015fturacak olan ikinci metro hatt\u0131n\u0131n yeni b\u00f6l\u00fcmlerinin a\u00e7\u0131lmas\u0131ndan bahsediliyor. Var\u015fova metrosunun geni\u015fletilmesinin Var\u015fova Belediye Ba\u015fkan\u0131 Rafa\u0142 Trzaskowski taraf\u0131ndan belirlenen \u00f6nceliklerden biri oldu\u011fu s\u00f6ylenebilir. Modern ve tamamen geni\u015fletilmi\u015f bir metro Var\u015fova'y\u0131 modern ve tamamen Avrupal\u0131 bir \u015fehir haline getirecektir. Yukar\u0131da bahsedilen iki yeni b\u00f6l\u00fcm\u00fcn ba\u015far\u0131yla a\u00e7\u0131lmas\u0131 halinde, Hat II 19 km'ye ula\u015facakt\u0131r. Bu ba\u015far\u0131dan sonra geriye sadece Karolin'e kadar olan 4 km'lik b\u00f6l\u00fcm\u00fcn ko\u015fulmas\u0131 kalacakt\u0131r.<\/p>\n<p>&nbsp;<\/p>","protected":false},"excerpt":{"rendered":"<p>Warszawa funkcjonuje jako stolica Polski od 1592r., kiedy to po po\u017carze Zamku na Wawelu, kr\u00f3l Zygmunt III Waza przeni\u00f3s\u0142 tutaj siedzib\u0119 w\u0142adzy kr\u00f3lewskiej, instytucje. Ciekawostk\u0105 o kt\u00f3rej wiedz\u0105 jedynie nieliczni jest fakt, \u017ce Warszawa uzyska\u0142a formalny zapis o sto\u0142eczno\u015bci dopiero w 1952r., kiedy to prezydentem by\u0142 Boles\u0142aw Bierut. Mo\u017cna dzi\u015b r\u00f3\u017cnie ocenia\u0107 komunistycznego prezydenta, jednak [&hellip;]<\/p>\n","protected":false},"author":2,"featured_media":712,"comment_status":"open","ping_status":"closed","sticky":false,"template":"","format":"standard","meta":{"inline_featured_image":false,"footnotes":""},"categories":[33],"tags":[50],"class_list":["post-711","post","type-post","status-publish","format-standard","has-post-thumbnail","hentry","category-podroze","tag-all"],"_links":{"self":[{"href":"https:\/\/lifestylerek.com\/tr\/wp-json\/wp\/v2\/posts\/711","targetHints":{"allow":["GET"]}}],"collection":[{"href":"https:\/\/lifestylerek.com\/tr\/wp-json\/wp\/v2\/posts"}],"about":[{"href":"https:\/\/lifestylerek.com\/tr\/wp-json\/wp\/v2\/types\/post"}],"author":[{"embeddable":true,"href":"https:\/\/lifestylerek.com\/tr\/wp-json\/wp\/v2\/users\/2"}],"replies":[{"embeddable":true,"href":"https:\/\/lifestylerek.com\/tr\/wp-json\/wp\/v2\/comments?post=711"}],"version-history":[{"count":0,"href":"https:\/\/lifestylerek.com\/tr\/wp-json\/wp\/v2\/posts\/711\/revisions"}],"wp:featuredmedia":[{"embeddable":true,"href":"https:\/\/lifestylerek.com\/tr\/wp-json\/wp\/v2\/media\/712"}],"wp:attachment":[{"href":"https:\/\/lifestylerek.com\/tr\/wp-json\/wp\/v2\/media?parent=711"}],"wp:term":[{"taxonomy":"category","embeddable":true,"href":"https:\/\/lifestylerek.com\/tr\/wp-json\/wp\/v2\/categories?post=711"},{"taxonomy":"post_tag","embeddable":true,"href":"https:\/\/lifestylerek.com\/tr\/wp-json\/wp\/v2\/tags?post=711"}],"curies":[{"name":"wp","href":"https:\/\/api.w.org\/{rel}","templated":true}]}}